{"id":2411,"date":"2012-11-08T12:54:12","date_gmt":"2012-11-08T11:54:12","guid":{"rendered":"http:\/\/www.papik.cat\/4a-conferencia-espanola-passivhaus\/"},"modified":"2024-06-20T15:44:25","modified_gmt":"2024-06-20T13:44:25","slug":"4a-conferencia-espanola-passivhaus","status":"publish","type":"post","link":"https:\/\/www.papik.cat\/es\/4a-conferencia-espanola-passivhaus\/","title":{"rendered":"4\u00aa Conferencia Espa\u00f1ola Passivhaus"},"content":{"rendered":"<h2>Conferencia sobre Casas pasivas (Passivhaus) en Espa\u00f1a<\/h2>\n<p>Nos vamos a la 4\u00aa Conferencia Espa\u00f1ola Passivhaus, que se realiza los d\u00edas 8 y 9 de noviembre en el Palacio Europa de Vitoria.<br \/>\nExpertos de todas partes de pa\u00eds acudir\u00e1n al Palacio Europa para analizar y debatir sobre los avances realizados en el sector.<br \/>\nDiferentes agentes del sector nos dar\u00e1n una visi\u00f3n completa de la situaci\u00f3n actual del mercado Passivhaus en nuestro pa\u00eds: financiaci\u00f3n, formaci\u00f3n, tecnolog\u00edas y por supuesto, ejemplos, que en esta edici\u00f3n se centrar\u00e1n en la rehabilitaci\u00f3n, una de nuestras especialidades.<\/p>\n<p>Os dejamos aqu\u00ed el programa de esta edici\u00f3n:<\/p>\n<h1>JUEVES 08\/11\/2012<\/h1>\n<ul>\n<li>12:00 Se abre el Palacio Europa para el p\u00fablico &#8211; Feria.<\/li>\n<li>12:00 Acreditaci\u00f3n..<\/li>\n<li>16:00 Presentaci\u00f3n e Inauguraci\u00f3n: D\u00aa Ana Pastor. Ministra de Fomento &#8211; D\u00aa Marta Rurz. Dip. Medioambiente y Urb. D. I\u00f1aki Arriola, Consejero VOPT &#8211; D\u00aa Idoia Gamendia, Tte. Alcalde del Ayto. Vrtoria-Gasteiz D. Javier Crespo, presidente PEP..<\/li>\n<li>16:30 Los edificios pasivos, Sergio D\u00edaz de Garayo, moderador..<\/li>\n<li>16:50 Rehabilitaci\u00f3n energ\u00e9tica PH: punto de vista de una entidad financiera, Marra de Pablo, Triodos-Bank..<\/li>\n<li>17:40 Bultzatu 2025 y Passivhaus, Ignacio de la Puerta, Director del Dep. Vivienda del Gobierno Vasco..<\/li>\n<li>18:00 Vivir 1 a\u00f1o en una casa pasiva, Marta Loperena y Eduardo Arias, Casa Arias en Roncal..<\/li>\n<li>18:45 Resumen y Clausura de la Jornada, Sergio D\u00edaz de Garayo, moderador 19:00 Visita a la feria Passivhaus..<\/li>\n<li>20:00 Cierre del Palacio Europa al p\u00fablico.<\/li>\n<\/ul>\n<h1>VIERNES 09\/11\/2012<\/h1>\n<ul>\n<li>8:00 Se abre el Palacio Europa para el p\u00fablico-Feria..<\/li>\n<li>8:00 Acreditaci\u00f3n..<\/li>\n<li>8:45 Presentaci\u00f3n de la Jornada, Sergi D\u00edaz de Garayo, moderador.<\/li>\n<\/ul>\n<p><b>BLOQUE A: PASSIVHAUS EN DIFERENTES LUGARES.<\/b><\/p>\n<ul>\n<li>9:00 A1. Movimiento Passivhaus en M\u00e9xico. Nuria D\u00edaz..<\/li>\n<li>9:30 Al mercado PH nacional-Oportunidad de presente y futuro para la construcci\u00f3n. Oscar Velasco..<\/li>\n<li>10:00 A3. El PH en sur de Europa-\u00faltimas tendencias de la investigaci\u00f3n. Dr. J\u00fcrgen Schnieders, PHI, Alemania..<\/li>\n<li>11:00 Pausa Caf\u00e9.<\/li>\n<\/ul>\n<p><b>BLOQUE B: FORMACI\u00d3N Y EXPERIENCIAS<\/b><\/p>\n<ul>\n<li>11:30 B4.Proyecto de innovaci\u00f3n-Passivhaus en la formaci\u00f3n Profesional. Otilia Otxoa..<\/li>\n<li>12:10 B5.La herramienta PHPP, Micheel Wassouf..<\/li>\n<li>12:40 B6. Casas Pasivas en Jungitu: Traslaci\u00f3n de la experiencia a viviendas en bloque, Adelina Uriarte..<\/li>\n<li>13:20 Pausa Comida.<\/li>\n<\/ul>\n<p><b>BLOQUE C: TECNOLOG\u00cdAS Y ASPECTO ECON\u00d3MICO<\/b><\/p>\n<ul>\n<li>15:00 C7.El desaf\u00edo de la ventilaci\u00f3n controlada para PH:Eperiencia y recomendaci\u00f3n, Gerals Lange, Alemania..<\/li>\n<li>15:40 C8. Construcci\u00f3n de un Pozo Canadiense en Mallorca, Carlos Forner..<\/li>\n<li>16:10 C9. PH -Tipolog\u00edas y construcci\u00f3n de bajo coste, Gemot .Vallentin, Munich, Alemania..<\/li>\n<li>17:10 Pausa Caf\u00e9.<\/li>\n<\/ul>\n<p><b>BLOQUE D: REHABILITACI\u00d3N Y PASSIVHAUS<\/b><\/p>\n<ul>\n<li>17:40 D10.Rehabilitaci\u00f3n de la casa MZ en Barcelona..<\/li>\n<li>18:20 D11. Rehabilitaci\u00f3n PH de una escuela de 1964 y posibilidades de optimizaci\u00f3n, Gerhard Kopeinig, Austria..<\/li>\n<li>19:15 Resumen, conclusiones y clausura de la Conferencia, Sergio D\u00edaz de Garayo y Javier Crespo..<\/li>\n<li>19:30 Visita a la feria Passivhaus..<\/li>\n<li>20:30 Cierre de Palacio Europa a p\u00fablico.<\/li>\n<\/ul>\n","protected":false},"excerpt":{"rendered":"<p>Nos vamos a la 4\u00aa Conferencia Espa\u00f1ola Passivhaus, que se realiza hoy 8 y ma\u00f1ana 9 de noviembre en el Palacio Europa de Vitoria. Expertos de todas partes de pa\u00eds acudir\u00e1n al Palacio Europa para analizar y debatir sobre los avances realizados en el sector. Diferentes agentes del sector nos dar\u00e1n una visi\u00f3n completa de la situaci\u00f3n actual del mercado Passivhaus en nuestro pa\u00eds: financiaci\u00f3n, formaci\u00f3n, tecnolog\u00edas y por supuesto, ejemplos, que en esta edici\u00f3n se centrar\u00e1n en la rehabilitaci\u00f3n, una de nuestras especialidades.<\/p>\n","protected":false},"author":1,"featured_media":4972,"comment_status":"closed","ping_status":"closed","sticky":false,"template":"","format":"standard","meta":{"_acf_changed":false,"footnotes":""},"categories":[25],"tags":[27,26,28,29],"class_list":["post-2411","post","type-post","status-publish","format-standard","has-post-thumbnail","hentry","category-passivhaus","tag-4a-conferencia-espanola-passivhaus","tag-4ceph","tag-ceph","tag-passivhaus"],"acf":[],"_links":{"self":[{"href":"https:\/\/www.papik.cat\/es\/wp-json\/wp\/v2\/posts\/2411","targetHints":{"allow":["GET"]}}],"collection":[{"href":"https:\/\/www.papik.cat\/es\/wp-json\/wp\/v2\/posts"}],"about":[{"href":"https:\/\/www.papik.cat\/es\/wp-json\/wp\/v2\/types\/post"}],"author":[{"embeddable":true,"href":"https:\/\/www.papik.cat\/es\/wp-json\/wp\/v2\/users\/1"}],"replies":[{"embeddable":true,"href":"https:\/\/www.papik.cat\/es\/wp-json\/wp\/v2\/comments?post=2411"}],"version-history":[{"count":0,"href":"https:\/\/www.papik.cat\/es\/wp-json\/wp\/v2\/posts\/2411\/revisions"}],"wp:featuredmedia":[{"embeddable":true,"href":"https:\/\/www.papik.cat\/es\/wp-json\/wp\/v2\/media\/4972"}],"wp:attachment":[{"href":"https:\/\/www.papik.cat\/es\/wp-json\/wp\/v2\/media?parent=2411"}],"wp:term":[{"taxonomy":"category","embeddable":true,"href":"https:\/\/www.papik.cat\/es\/wp-json\/wp\/v2\/categories?post=2411"},{"taxonomy":"post_tag","embeddable":true,"href":"https:\/\/www.papik.cat\/es\/wp-json\/wp\/v2\/tags?post=2411"}],"curies":[{"name":"wp","href":"https:\/\/api.w.org\/{rel}","templated":true}]}}