{"id":2418,"date":"2013-01-22T10:56:50","date_gmt":"2013-01-22T09:56:50","guid":{"rendered":"http:\/\/www.papik.cat\/passivhaus-en-espana-2013\/"},"modified":"2024-06-26T12:43:07","modified_gmt":"2024-06-26T10:43:07","slug":"passivhaus-en-espana-2013","status":"publish","type":"post","link":"https:\/\/www.papik.cat\/es\/passivhaus-en-espana-2013\/","title":{"rendered":"Passivhaus en Espa\u00f1a 2013"},"content":{"rendered":"<p dir=\"wp\">El arquitecto Micheel Wassou, un referente en el est\u00e1ndar de certificaci\u00f3n Passivhaus, ha publicado un art\u00edculo en el que resume la situaci\u00f3n actual del est\u00e1ndar Passivhaus en Espa\u00f1a. Desde <a title=\"Papik Compact Houses - Passivhaus\" href=\"http:\/\/www.papik.cat\/es\" target=\"_blank\" rel=\"noopener noreferrer\">Papik Casas Pasivas<\/a> queremos acercaros este interesante documento y lo hemos traducido al Espa\u00f1ol a continuaci\u00f3n: (pod\u00e9is acceder al original en ingl\u00e9s en este enlace:<\/p>\n<h1>Passivhaus en Espa\u00f1a &#8211; situaci\u00f3n actual<\/h1>\n<p dir=\"wp\">Autor: Micheel Wassouf \/ agradecimiento especial por la traducci\u00f3n a Oliver Style Barcelona, 18\/01\/2013<\/p>\n<p dir=\"wp\">Tras cuatro a\u00f1os de trabajo de difusi\u00f3n de la Plataforma de Edificaci\u00f3n Passivhaus (PEP), el est\u00e1ndar Passivhaus se ha dado a conocer entre un gran n\u00famero de arquitectos e ingenieros civiles al sur de los Pirineos.<\/p>\n<p dir=\"wp\">En la actualidad, la Plataforma de Edificaci\u00f3n Passivhaus (PEP) cuenta con m\u00e1s de 150 miembros, y ha traducido la herramienta PHPP al espa\u00f1ol (en el verano de 2012). Su actividad principal se centra en la organizaci\u00f3n de la conferencia anual Passivhauss en Espa\u00f1a, con m\u00e1s de 250 participantes cada a\u00f1o, y organizaci\u00f3n de simposios t\u00e9cnicos, 4 veces al a\u00f1o.<\/p>\n<p dir=\"wp\"><img fetchpriority=\"high\" decoding=\"async\" class=\"alignnone  wp-image-5404\" src=\"https:\/\/www.papik.cat\/wp-content\/uploads\/2013\/01\/blower-door-test-300x219.jpg\" alt=\"\" width=\"394\" height=\"291\" \/><\/p>\n<p dir=\"wp\">\n<p dir=\"wp\">Adem\u00e1s de esta instituci\u00f3n, ENERGIEHAUS, una firma privada de arquitectos especializados en Passivhaus, celebra cursos de CPE (Certificado Experto Passivhaus) dos veces al a\u00f1o desde 2011, as\u00ed como la organizaci\u00f3n del examen oficial PHI. Vale la pena se\u00f1alar que, adem\u00e1s del est\u00e1ndar Passivhaus, en Espa\u00f1a no existen normas de construcci\u00f3n alternativas relacionadas con la eficiencia energ\u00e9tica. La administraci\u00f3n p\u00fablica a\u00fan no ha comprendido las ventajas del Passivhaus y sigue pensando que el etiquetado energ\u00e9tico basado en el antiguo marco EPBD es suficiente para alcanzar los exigentes objetivos de la nueva legislaci\u00f3n remodelada EPBD (nZEB-buildings de 2020).<\/p>\n<p dir=\"wp\">En el momento en que se escribe este art\u00edculo, hay tres edificios con certificado Passivhaus en Espa\u00f1a, se trata, en todos los casos de casas unifamiliares. Dos edificios han sido certificados durante 2011 (en Navarra y Andaluc\u00eda) y el \u00faltimo ha sido certificado recientemente en el Pa\u00eds Vasco.<\/p>\n<p dir=\"wp\">Voy a exponer de forma breve 4 ejemplos de viviendas que est\u00e9n en v\u00edas de obtener la certificaci\u00f3n Passivhaus. Energiehaus gestiona estos procesos de certificaci\u00f3n de los que esperamos un final positivo. La historia de cada edificio muestra de manera gr\u00e1fica, c\u00f3mo la norma se adapta al \u00abM\u00e9todo de Construcci\u00f3n\u00bb espec\u00edfico de Espa\u00f1a.<\/p>\n<h2>Casa JADE en Jungitu &#8211; Vitoria (Pa\u00eds Vasco)<\/h2>\n<ul class=\"list\">\n<li class=\"template-bullet\">Arquitectos: Clim &#8211; Estudio de Arquitectura<\/li>\n<li class=\"template-bullet\">Constructor: Construcciones Urrutia<\/li>\n<\/ul>\n<p dir=\"wp\">Esta vivienda ha sido desarrollado por un gran contratista espa\u00f1ol, habitual part\u00edcipe en desarrollos residenciales de gran envergadura. Se llev\u00f3 a cabo la idea de poner a prueba el Est\u00e1ndar Passivhaus en un edificio de peque\u00f1a escala, para aprender paso a paso los problemas t\u00e9cnicos espec\u00edficos del Est\u00e1ndar Passivhaus. Los errores en el dise\u00f1o o en la fase de ejecuci\u00f3n son menos dram\u00e1ticos que en un edificio de grandes dimensiones. Niveles inusualmente altos de aislamiento en las paredes y techos condujeron a soluciones especiales (por ejemplo, la separaci\u00f3n de una parte del aislamiento por encima, y otra por debajo de la losa de hormig\u00f3n). Para la instalaci\u00f3n \u00f3ptima de las ventanas en la capa de aislamiento, el instalador de ventanas fue al norte de Italia para aprender de sus colegas italianos con experiencia en instalaci\u00f3n de ventanas Passivhaus. Para las uniones entre las vigas de hormig\u00f3n y paredes de ladrillo, el contratista instal\u00f3 sellos de caucho natural para asegurar tanto como sea posible la estanqueidad al aire. La calefacci\u00f3n se consigue por medio de una simple estufa de pellets, instalada en la sala de estar. No existen radiadores en la vivienda, el calor se distribuye directamente de la estufa, e indirectamente a trav\u00e9s del sistema de ventilaci\u00f3n. La refrigeraci\u00f3n activa no es necesaria durante los veranos templados de esta regi\u00f3n del norte de Espa\u00f1a. El edificio ha sido equipado recientemente con una serie de medidores de consumo de energ\u00eda para registrar el consumo en invierno y verano.<\/p>\n<p dir=\"wp\">Adem\u00e1s de estas novedades, el test Blower Door ha dado excelentes resultados (0,23 \/ h con 50 Pa). Esto se explica debido a la alta motivaci\u00f3n del equipo de arquitectos, ingenieros, contratistas y empresas ejecutivas. La familia se mud\u00f3 a la vivienda el verano de 2012, y est\u00e1n muy contentos con el confort del edificio. Los costes de la construcci\u00f3n de la casa son un 15% m\u00e1s alto que el est\u00e1ndar de construcci\u00f3n, en el futuro se tendr\u00e1 que reducir este coste.<\/p>\n<figure id=\"attachment_936\" aria-describedby=\"caption-attachment-936\" style=\"width: 513px\" class=\"wp-caption aligncenter\"><img decoding=\"async\" class=\"size-full wp-image-936\" title=\"informepassivhausespa\u00f1a2\" src=\"http:\/\/www.papik.cat\/wp-content\/uploads\/2013\/01\/informepassivhausespa\u00f1a2.png\" alt=\"\" width=\"513\" height=\"464\" \/><figcaption id=\"caption-attachment-936\" class=\"wp-caption-text\">C\u00e1lculo de las condiciones de confort e higiene con una herramienta de c\u00e1lculo por elementos finitos &#8211; fuente: I.Echeandia<\/figcaption><\/figure>\n<figure id=\"attachment_941\" aria-describedby=\"caption-attachment-941\" style=\"width: 300px\" class=\"wp-caption aligncenter\"><img decoding=\"async\" class=\"size-medium wp-image-941\" title=\"informepassivhausespa\u00f1a3\" src=\"http:\/\/www.papik.cat\/wp-content\/uploads\/2013\/01\/informepassivhausespa\u00f1a3-300x200.png\" alt=\"\" width=\"300\" height=\"200\" \/><figcaption id=\"caption-attachment-941\" class=\"wp-caption-text\">Juntas con sello de goma \u2013 Fuente: M.Wassouf<\/figcaption><\/figure>\n<figure id=\"attachment_946\" aria-describedby=\"caption-attachment-946\" style=\"width: 300px\" class=\"wp-caption aligncenter\"><img loading=\"lazy\" decoding=\"async\" class=\"wp-image-946 size-medium\" title=\"informepassivhausespa\u00f1a4\" src=\"http:\/\/www.papik.cat\/wp-content\/uploads\/2013\/01\/informepassivhausespa\u00f1a4-300x205.png\" alt=\"\" width=\"300\" height=\"205\" \/><figcaption id=\"caption-attachment-946\" class=\"wp-caption-text\">Instalaci\u00f3n de aislamiento de etix &#8211; fuente: M.Wassouf<\/figcaption><\/figure>\n<h2>Casa Farhaus en Castellter\u00e7ol<\/h2>\n<ul class=\"list\">\n<li class=\"template-bullet\">Arquitecto: Jordi Fargas Soler<\/li>\n<li class=\"template-bullet\">Constructor: Farhaus<\/li>\n<\/ul>\n<p dir=\"wp\">Un carpintero especializado en la construcci\u00f3n Passivhaus tambi\u00e9n quiso vivir en una casa pasiva. Su casa se encuentra actualmente en fase de certificaci\u00f3n. El primer verano demostr\u00f3 un buen funcionamiento de la vivienda en las condiciones de verano (la casa se encuentra a unos 50 km al norte de Barcelona). No hay aire acondicionado, ni es necesario para mantener las condiciones de confort, debido a las fr\u00edas noches de verano en esta localizaci\u00f3n, a unos 600 metros sobre el nivel del mar. La peculiaridad de esta construcci\u00f3n es la utilizaci\u00f3n de ventanas que no encajan con la definici\u00f3n oficial de transmitancia de ventanas Passivhaus (Uw max. 0,8 W\/m2K), por lo que ENERGIEHAUS tuvo que justificar la soluci\u00f3n mediante el c\u00e1lculo de un puente t\u00e9rmico con flixino que no muestra problemas de humedad en los detalles cr\u00edticos, y tambi\u00e9n comprobar que la temperatura media en el d\u00eda m\u00e1s fr\u00edo cumple el criterio de comodidad de ISO-EN-7730 (no por debajo de 17\u00baC). Con este edificio esperamos confirmar nuestra hip\u00f3tesis de que las casas pasivas son una soluci\u00f3n muy razonable tambi\u00e9n para regiones c\u00e1lidas y h\u00famedas como la costa mediterr\u00e1nea, ya que todav\u00eda hay mucho por hacer para convencer a los arquitectos e ingenieros de la regi\u00f3n acerca de la viabilidad del est\u00e1ndar Passivhaus en esta regi\u00f3n.<\/p>\n<figure id=\"attachment_947\" aria-describedby=\"caption-attachment-947\" style=\"width: 300px\" class=\"wp-caption aligncenter\"><img loading=\"lazy\" decoding=\"async\" class=\"wp-image-947 size-medium\" title=\"informepassivhausespa\u00f1a5\" src=\"http:\/\/www.papik.cat\/wp-content\/uploads\/2013\/01\/informepassivhausespa\u00f1a5-300x225.png\" alt=\"\" width=\"300\" height=\"225\" \/><figcaption id=\"caption-attachment-947\" class=\"wp-caption-text\">Constructiva detalle: pared hasta el techo. Fuente: A.Fargas<\/figcaption><\/figure>\n<figure id=\"attachment_948\" aria-describedby=\"caption-attachment-948\" style=\"width: 230px\" class=\"wp-caption aligncenter\"><img loading=\"lazy\" decoding=\"async\" class=\"size-medium wp-image-948\" title=\"informepassivhausespa\u00f1a6\" src=\"http:\/\/www.papik.cat\/wp-content\/uploads\/2013\/01\/informepassivhausespa\u00f1a6-230x300.png\" alt=\"\" width=\"230\" height=\"300\" \/><figcaption id=\"caption-attachment-948\" class=\"wp-caption-text\">Detalle constructivo: pared hasta el techo. Fuente: A.Fargas<\/figcaption><\/figure>\n<figure id=\"attachment_952\" aria-describedby=\"caption-attachment-952\" style=\"width: 300px\" class=\"wp-caption aligncenter\"><img loading=\"lazy\" decoding=\"async\" class=\"wp-image-952 size-medium\" title=\"informepassivhausespa\u00f1a7\" src=\"http:\/\/www.papik.cat\/wp-content\/uploads\/2013\/01\/informepassivhausespa\u00f1a7-300x233.png\" alt=\"\" width=\"300\" height=\"233\" \/><figcaption id=\"caption-attachment-952\" class=\"wp-caption-text\">Criterios de confort: Temperaturas del perfil de la ventana inferior, calculado con flixino &#8211; Fuente: Energiehaus<\/figcaption><\/figure>\n<h2>Casa MZ en Barcelona<\/h2>\n<ul class=\"list\">\n<li class=\"template-bullet\">Arquitecto: Calder\u00f3n-Folch-Sarsanedas<\/li>\n<li class=\"template-bullet\">Constructor: M. Folch<\/li>\n<\/ul>\n<p dir=\"wp\">Este caso demuestra una vez m\u00e1s el reto de renovaci\u00f3n-rehabilitaci\u00f3n de un edificio existente hacia la casa pasiva. La vivienda forma parte de una casa adosada construida a principios del siglo 20, que se caracteriza por una muy mala eficiencia energ\u00e9tica antes de la rehabilitaci\u00f3n (alrededor de 171 kWh\/m2a para demanda de calefacci\u00f3n de acuerdo con c\u00e1lculos PHPP). Llegamos al factor 10 del est\u00e1ndar rehabilitaci\u00f3n, ya que la demanda de calefacci\u00f3n actual es ahora de 17 kWh\/m2a. Este resultado fue posible debido a un especial esfuerzo realizado por el arquitecto para mejorar la calidad de la construcci\u00f3n tanto como fue posible, manteniendo, para las obras, un bajo presupuesto. Los materiales naturales, por ejemplo una estructura de madera y las ventanas o lana de cordero como material de aislamiento, dan valor a\u00f1adido a este proyecto. La certificaci\u00f3n del est\u00e1ndar Passivhaus no se ha logrado con este maravilloso proyecto, ya que la prueba Blower Door no pudo llegar a la m\u00e1gica Tasa de 1,0 de renovaci\u00f3n de aire a 50 Pascal (EnerPhit).<\/p>\n<p dir=\"wp\">Hemos aprendido que este resultado s\u00f3lo se puede conseguir en la rehabilitaci\u00f3n eficiente con una ejecuci\u00f3n flexible y contratistas experimentados, que siguen siendo dif\u00edciles de encontrar en Espa\u00f1a.<\/p>\n<figure id=\"attachment_954\" aria-describedby=\"caption-attachment-954\" style=\"width: 300px\" class=\"wp-caption aligncenter\"><img loading=\"lazy\" decoding=\"async\" class=\"size-medium wp-image-954\" title=\"informepassivhausespa\u00f1a\" src=\"http:\/\/www.papik.cat\/wp-content\/uploads\/2013\/01\/informepassivhausespa\u00f1a-300x165.png\" alt=\"\" width=\"300\" height=\"165\" \/><figcaption id=\"caption-attachment-954\" class=\"wp-caption-text\">Secci\u00f3n de la vivienda, con indicaci\u00f3n de la capa herm\u00e9tica &#8211; fuente: M.Folch y M.Wassouf<\/figcaption><\/figure>\n<figure id=\"attachment_955\" aria-describedby=\"caption-attachment-955\" style=\"width: 300px\" class=\"wp-caption aligncenter\"><img loading=\"lazy\" decoding=\"async\" class=\"wp-image-955 size-medium\" title=\"informepassivhausespa\u00f1a9\" src=\"http:\/\/www.papik.cat\/wp-content\/uploads\/2013\/01\/informepassivhausespa\u00f1a9-300x201.png\" alt=\"\" width=\"300\" height=\"201\" \/><figcaption id=\"caption-attachment-955\" class=\"wp-caption-text\">Capas de pared que muestran la complejidad del pensamiento herm\u00e9tico-en este caso la renovaci\u00f3n &#8211; Fuente: M.Folch<\/figcaption><\/figure>\n<h2>Casa EntreEncinas en Asturias<\/h2>\n<ul class=\"list\">\n<li class=\"template-bullet\">Arquitecto: arquitectos Duquezamora<\/li>\n<li class=\"template-bullet\">Constructor: EntreEncinas Promociones Bioclimaticos<\/li>\n<\/ul>\n<p dir=\"wp\">Esta vivienda ha sido construida en el norte de Espa\u00f1a, cerca del mar Atl\u00e1ntico. El propietario quer\u00eda una casa pasiva en combinaci\u00f3n con materiales naturales para garantizar un impacto ambiental del edificio muy bajo. Las paredes y el techo est\u00e1n hechas con tablas de madera maciza CLT, que no garantizan la estanqueidad del edificio, por lo que este nivel ha sido definido por una barrera de vapor adicional en el exterior de la estructura de CLT (que es la capa de acabado interior de las paredes y techo). Una galer\u00eda acristalada orientada al sur act\u00faa como un espacio adicional de fuente de calor para el invierno. Este espacio estar\u00e1 abierto durante el verano. Una ventana deslizante muy grande conecta la galer\u00eda con la sala de estar, y nos dio bastantes problemas para llegar a la meta de 0,6, lo que finalmente se ha logrado despu\u00e9s del ajustar la abertura. La galer\u00eda en s\u00ed no ha sido simulada en PHPP, por lo que el comportamiento real, muy probablemente, sea mejor que el calculado. El confort durante el verano se consigue gracias a las suaves temperaturas del verano, as\u00ed que el sobrecalentamiento de este edificio no es un problema.<\/p>\n<figure id=\"attachment_957\" aria-describedby=\"caption-attachment-957\" style=\"width: 300px\" class=\"wp-caption aligncenter\"><img loading=\"lazy\" decoding=\"async\" class=\"size-medium wp-image-957\" title=\"informepassivhausespa\u00f1a11\" src=\"http:\/\/www.papik.cat\/wp-content\/uploads\/2013\/01\/informepassivhausespa\u00f1a11-300x200.png\" alt=\"\" width=\"300\" height=\"200\" \/><figcaption id=\"caption-attachment-957\" class=\"wp-caption-text\">Capa herm\u00e9tica de la construcci\u00f3n &#8211; Fuente: A.Zamora<\/figcaption><\/figure>\n<figure id=\"attachment_958\" aria-describedby=\"caption-attachment-958\" style=\"width: 300px\" class=\"wp-caption aligncenter\"><img loading=\"lazy\" decoding=\"async\" class=\"size-medium wp-image-958\" title=\"informepassivhausespa\u00f1a12\" src=\"http:\/\/www.papik.cat\/wp-content\/uploads\/2013\/01\/informepassivhausespa\u00f1a12-300x200.png\" alt=\"\" width=\"300\" height=\"200\" \/><figcaption id=\"caption-attachment-958\" class=\"wp-caption-text\">Edificio de la galer\u00eda solar frente a sur &#8211; fuente: M.Wassouf<\/figcaption><\/figure>\n<p>Via: <a href=\"http:\/\/www.energiehaus.es\/index.php\/blog\/item\/97-passivhaus-spain-espa%C3%B1a\" rel=\"nofollow noopener\" target=\"_blank\">ENERGIEHAUS<\/a><\/p>\n","protected":false},"excerpt":{"rendered":"<p>El arquitecto Micheel Wassou, un referente en el est\u00e1ndar Passivhaus, ha publicado un art\u00edculo en el que resume la situaci\u00f3n actual del est\u00e1ndar Passivhaus en Espa\u00f1a. Desde <a href=\"http:\/\/www.papik.cat\" title=\"PAPIK Groups - Passivhaus\" target=\"_blank\" rel=\"noopener noreferrer\">Papik Compact Houses<\/a> queremos acercaros este interesante documento y lo hemos traducido al Espa\u00f1ol a continuaci\u00f3n: (pod\u00e9is acceder al original en ingl\u00e9s en este enlace: <a href=\"http:\/\/www.energiehaus.es\/images\/BLOG\/Passivhaus%20in%20Spain%202013%20-%20Energiehaus.pdf\" title=\"Informe Passivhaus en espa\u00f1a en ingl\u00e9s\" target=\"_blank\" rel=\"noopener noreferrer\"><\/a><\/p>\n","protected":false},"author":1,"featured_media":4993,"comment_status":"closed","ping_status":"closed","sticky":false,"template":"","format":"standard","meta":{"_acf_changed":false,"footnotes":""},"categories":[40,25],"tags":[41,42,29,54],"class_list":["post-2418","post","type-post","status-publish","format-standard","has-post-thumbnail","hentry","category-casa-pasiva","category-passivhaus","tag-casa-pasiva","tag-casa-passiva","tag-passivhaus","tag-passivhaus-espana"],"acf":[],"_links":{"self":[{"href":"https:\/\/www.papik.cat\/es\/wp-json\/wp\/v2\/posts\/2418","targetHints":{"allow":["GET"]}}],"collection":[{"href":"https:\/\/www.papik.cat\/es\/wp-json\/wp\/v2\/posts"}],"about":[{"href":"https:\/\/www.papik.cat\/es\/wp-json\/wp\/v2\/types\/post"}],"author":[{"embeddable":true,"href":"https:\/\/www.papik.cat\/es\/wp-json\/wp\/v2\/users\/1"}],"replies":[{"embeddable":true,"href":"https:\/\/www.papik.cat\/es\/wp-json\/wp\/v2\/comments?post=2418"}],"version-history":[{"count":0,"href":"https:\/\/www.papik.cat\/es\/wp-json\/wp\/v2\/posts\/2418\/revisions"}],"wp:featuredmedia":[{"embeddable":true,"href":"https:\/\/www.papik.cat\/es\/wp-json\/wp\/v2\/media\/4993"}],"wp:attachment":[{"href":"https:\/\/www.papik.cat\/es\/wp-json\/wp\/v2\/media?parent=2418"}],"wp:term":[{"taxonomy":"category","embeddable":true,"href":"https:\/\/www.papik.cat\/es\/wp-json\/wp\/v2\/categories?post=2418"},{"taxonomy":"post_tag","embeddable":true,"href":"https:\/\/www.papik.cat\/es\/wp-json\/wp\/v2\/tags?post=2418"}],"curies":[{"name":"wp","href":"https:\/\/api.w.org\/{rel}","templated":true}]}}