{"id":2424,"date":"2013-04-19T11:01:31","date_gmt":"2013-04-19T09:01:31","guid":{"rendered":"http:\/\/www.papik.cat\/lletra-petita-energia-a-la-llar-tv3\/"},"modified":"2024-06-26T12:43:54","modified_gmt":"2024-06-26T10:43:54","slug":"lletra-petita-energia-a-la-llar-tv3","status":"publish","type":"post","link":"https:\/\/www.papik.cat\/es\/lletra-petita-energia-a-la-llar-tv3\/","title":{"rendered":"Lletra Petita: Energia a la llar (TV3)"},"content":{"rendered":"<h2>El programa dedicado a la divulgaci\u00f3n sobre los derechos de los consumidores dedic\u00f3 su cap\u00edtulo al consumo energ\u00e9tico del hogar.<\/h2>\n<div style=\"width: 640px;\" class=\"wp-video\"><video class=\"wp-video-shortcode\" id=\"video-2424-1\" width=\"640\" height=\"360\" preload=\"metadata\" controls=\"controls\"><source type=\"video\/mp4\" src=\"http:\/\/www.papik.cat\/wp-content\/uploads\/2016\/06\/lletra%20petita.mp4?_=1\" \/><a href=\"http:\/\/www.papik.cat\/wp-content\/uploads\/2016\/06\/lletra%20petita.mp4\">http:\/\/www.papik.cat\/wp-content\/uploads\/2016\/06\/lletra%20petita.mp4<\/a><\/video><\/div>\n<p>La sinopsis del programa extra\u00edda de su <a title=\"Lletra Petita: Energia a la Llar\" href=\"http:\/\/www.tv3.cat\/videos\/4536694\/Capitol-10-Energia-a-la-llar\" target=\"_blank\" rel=\"noopener nofollow\">web<\/a>:<\/p>\n<p>\u00daltimamente, las facturas de gas y electricidad suben y no se para de sentir que a\u00fan subir\u00e1n m\u00e1s. Y, aparte del dinero, est\u00e1 el factor ambiental porque para generar energ\u00eda tambi\u00e9n se contamina, en forma de emisiones de CO\u2082 o de residuos nucleares. \u00bfQu\u00e9 se puede hacer para consumir menos energ\u00eda? \u00bfY qu\u00e9 tipo de energ\u00eda se quiere priorizar? \u00bfSe puede bajar el consumo sin renunciar al confort ya las comodidades?<\/p>\n<p>\u00abLetra peque\u00f1a\u00bb comenzar\u00e1 el programa haciendo una auditor\u00eda energ\u00e9tica dom\u00e9stica: se intentar\u00e1 ahorrar en consumo, rebajar emisiones y ampliar renovables, el Juanra Bonet ir\u00e1 de invitado a una de las casas m\u00e1s sostenibles de Catalu\u00f1a: la de Toni Mestres; Samantha Vall investigar\u00e1 qu\u00e9 tipo de bombilla gasta menos y qu\u00e9 dura m\u00e1s, y se ir\u00e1 a Madrid para hablar con Eduardo Montes, el presidente de la patronal el\u00e9ctrica UNESA, sobre el famoso d\u00e9ficit de tarifa &#8230; \u00a1y sobre el futuro!<\/p>\n","protected":false},"excerpt":{"rendered":"<p>El programa dedicado a la divulgaci\u00f3n sobre los derechos de los consumidores dedic\u00f3 su cap\u00edtulo al consumo energ\u00e9tico del hogar.<\/p>\n<p>La sinopsis del programa extra\u00edda de su <a href=\"http:\/\/www.tv3.cat\/videos\/4536694\/Capitol-10-Energia-a-la-llar\" title=\"Lletra Petita: Energia a la Llar\" target=\"_blank\" rel=\"noopener\">web<\/a>:<br \/>\n\u00daltimamente las facturas de gas y electricidad suben y no se para de sentir que a\u00fan subir\u00e1n m\u00e1s. Y, aparte del dinero, est\u00e1 el factor ambiental porque para generar energ\u00eda tambi\u00e9n se contamina, en forma de emisiones de CO\u2082 o de residuos nucleares. \u00bfQu\u00e9 se puede hacer para consumir menos energ\u00eda? Y qu\u00e9 tipo de energ\u00eda se quiere priorizar? Se puede bajar el consumo sin renunciar al confort ya las comodidades?<\/p>\n<p>\u00abLetra peque\u00f1a\u00bb comenzar\u00e1 el programa haciendo una&#8230;<\/p>\n","protected":false},"author":1,"featured_media":4986,"comment_status":"closed","ping_status":"closed","sticky":false,"template":"","format":"standard","meta":{"_acf_changed":false,"footnotes":""},"categories":[15,40,39],"tags":[64,65,66,67,68,69],"class_list":["post-2424","post","type-post","status-publish","format-standard","has-post-thumbnail","hentry","category-aislamiento","category-casa-pasiva","category-energia","tag-casa-alta-eficiencia-energetica","tag-casa-bioclimatica","tag-energia-a-la-llar","tag-estalvi-energetic","tag-lletra-petita","tag-tv3"],"acf":[],"_links":{"self":[{"href":"https:\/\/www.papik.cat\/es\/wp-json\/wp\/v2\/posts\/2424","targetHints":{"allow":["GET"]}}],"collection":[{"href":"https:\/\/www.papik.cat\/es\/wp-json\/wp\/v2\/posts"}],"about":[{"href":"https:\/\/www.papik.cat\/es\/wp-json\/wp\/v2\/types\/post"}],"author":[{"embeddable":true,"href":"https:\/\/www.papik.cat\/es\/wp-json\/wp\/v2\/users\/1"}],"replies":[{"embeddable":true,"href":"https:\/\/www.papik.cat\/es\/wp-json\/wp\/v2\/comments?post=2424"}],"version-history":[{"count":0,"href":"https:\/\/www.papik.cat\/es\/wp-json\/wp\/v2\/posts\/2424\/revisions"}],"wp:featuredmedia":[{"embeddable":true,"href":"https:\/\/www.papik.cat\/es\/wp-json\/wp\/v2\/media\/4986"}],"wp:attachment":[{"href":"https:\/\/www.papik.cat\/es\/wp-json\/wp\/v2\/media?parent=2424"}],"wp:term":[{"taxonomy":"category","embeddable":true,"href":"https:\/\/www.papik.cat\/es\/wp-json\/wp\/v2\/categories?post=2424"},{"taxonomy":"post_tag","embeddable":true,"href":"https:\/\/www.papik.cat\/es\/wp-json\/wp\/v2\/tags?post=2424"}],"curies":[{"name":"wp","href":"https:\/\/api.w.org\/{rel}","templated":true}]}}