{"id":2455,"date":"2013-10-16T10:21:50","date_gmt":"2013-10-16T08:21:50","guid":{"rendered":"http:\/\/www.papik.cat\/5o-congreso-passivhaus-espana\/"},"modified":"2024-06-20T15:00:58","modified_gmt":"2024-06-20T13:00:58","slug":"5o-congreso-passivhaus-espana","status":"publish","type":"post","link":"https:\/\/www.papik.cat\/es\/5o-congreso-passivhaus-espana\/","title":{"rendered":"5\u00ba congreso passivhaus Espa\u00f1a"},"content":{"rendered":"<p>Ma\u00f1ana Jueves 17 y Viernes 18 de octubre se celebra el 5\u00aa congreso Passivhaus Espa\u00f1a en el que se unen los distintos actores del sector de la construcci\u00f3n de casas pasivas certificadas Passivhaus.<br \/>\nLes dejamos el programa a continuaci\u00f3n:<\/p>\n<p style=\"text-align: left;background-color: #8DC63F;text-transform: uppercase;padding-bottom: 1px;\"> Jueves 17 Octubre 2013<\/p>\n<ul class=\"list\">\n<li class=\"template-bullet\">08.30   Recepci\u00f3n y entrega de documentaci\u00f3n<\/li>\n<li class=\"template-bullet\">09.00   Inauguraci\u00f3n Institucional<\/li>\n<li class=\"template-bullet\">09.30   Conferencia Inaugural. <strong><span style=\"color: #969696;\">D\u00f1a. Nuria D\u00edaz. Presidenta PEP Espa\u00f1a<\/span><\/strong><\/li>\n<\/ul>\n<p><span style=\"color: #FFFFFF;background-color: #B4B4B4;padding-right: 5px;\">Bloque t\u00e9cnico I<\/span><\/p>\n<ul class=\"list\">\n<li class=\"template-bullet\">10.00   <i>\u201cEstudio termogr\u00e1fico de la casa passivhaus Arias del Roncal, Navarra\u201d. <\/i><strong><span style=\"color: #969696;\">D. Rafael Royo<\/span><\/strong><\/li>\n<li class=\"template-bullet\">10.20   <i>\u201cAplicaci\u00f3n del est\u00e1ndar Passivhaus a la rehabilitaci\u00f3n energ\u00e9tica de edificios: Estudio de caso en la E.T.S.I.I de B\u00e9jar (Salamanca)\u201d.  <\/i><strong><span style=\"color: #969696;\">D. Miguel \u00c1ngel Garc\u00eda Fuentes<\/span><\/strong><\/li>\n<li class=\"template-bullet\">10.40   <i>\u201cEdificio de consumo de calefacci\u00f3n casi cero\u201d. <\/i> <strong><span style=\"color: #969696;\">D. Jordi Llovera<\/span><\/strong><\/li>\n<li class=\"template-bullet\">11.00   Coloquio<\/li>\n<li class=\"template-bullet\">11.30   Caf\u00e9 y visita de stands<\/li>\n<\/ul>\n<p><span style=\"color: #FFFFFF;background-color: #B4B4B4;padding-right: 5px;\">Bloque t\u00e9cnico II<\/span><\/p>\n<ul class=\"list\">\n<li class=\"template-bullet\">12.00   <i>\u201cMonitorizaci\u00f3n y seguimiento del comportamiento energ\u00e9tico de una vivienda con certificaci\u00f3n Passivhaus\u201d. <\/i><strong><span style=\"color: #969696;\">D. Juan Mar\u00eda Hidalgo<\/span><\/strong><\/li>\n<li class=\"template-bullet\">12.20   <i>\u201cCon piel de hormig\u00f3n\u201d <\/i><strong><span style=\"color:#969696;\">D. Pedro Pablo Zorzano Gonzalo<\/span><\/strong><\/li>\n<li class=\"template-bullet\">12.40   <i>\u201cCasa EntreEncinas: Casa Certificada Passivhaus con criterios de Bioconstrucci\u00f3n\u201d. <\/i><strong><span style=\"color: #969696;\">D. Iv\u00e1n Duque y D\u00f1a. Alicia Zamora<\/span><\/strong><\/li>\n<li class=\"template-bullet\">13.00   Coloquio<\/li>\n<li class=\"template-bullet\">13.30   Comida y visita de stands<\/li>\n<\/ul>\n<p><span style=\"color: #FFFFFF;background-color: #B4B4B4;padding-right: 5px;\">Bloque divulgativo :ENTRADA LIBRE<\/span><\/p>\n<ul class=\"list\">\n<li class=\"template-bullet\">15.30   <i>\u201cBeneficios sobre la salud derivados de vivir en una vivienda Passivhaus\u201d. <\/i><strong><span style=\"color: #969696;\">D.Carles A. Labernia i Badia<\/span><\/strong><\/li>\n<li class=\"template-bullet\">16.00   <i>\u201cDerroche de energ\u00eda t\u00e9rmica en los edificios\u201d. <\/i><strong><span style=\"color: #969696;\">D. Iker G\u00f3mez Iborra<\/span><\/strong><\/li>\n<li class=\"template-bullet\">16.30   <i>\u201cRehabilitaci\u00f3n de edificios seg\u00fan el est\u00e1ndar Passivhaus\u201d. <\/i><strong><span style=\"color: #969696;\">D. Michael Tribus<\/span><\/strong><\/li>\n<li class=\"template-bullet\">17.00   Descanso y visita de stands<\/li>\n<li class=\"template-bullet\">17.30   <i>\u201cHabitando una vivienda certificada passivhaus\u201d. <\/i><strong><span style=\"color: #969696;\">D\u00f1a. Carmen Delgado y D\u00f1a. Adelina Uriarte<\/span><\/strong><\/li>\n<li class=\"template-bullet\">18.30   <i>\u201cPGOU de Villamediana de Iregua. Desarrollo urbano basado en el est\u00e1ndar Passivhaus\u201d. <\/i><strong><span style=\"color: #969696;\">D. Esteban Pardo Calder\u00f3n<\/span><\/strong><\/li>\n<li class=\"template-bullet\">19.00   Coloquio<\/li>\n<\/ul>\n<p><span style=\"color: #FFFFFF;background-color: #B4B4B4;padding-right: 5px;\">II Concurso Iberoamericano Passivhaus<\/span><\/p>\n<ul class=\"list\">\n<li class=\"template-bullet\">20.00   <i>Inauguraci\u00f3n de la Exposici\u00f3n y Proclamaci\u00f3n del Ganador<\/i> Lugar: LABORAL CENTRO DE ARTE Y CREACI\u00d3N INDUSTRIAL<\/li>\n<\/ul>\n<p style=\"text-align: left;background-color: #8DC63F;text-transform: uppercase;padding-bottom: 1px;\"> Viernes 18 Octubre 2013<\/p>\n<ul class=\"list\">\n<li class=\"template-bullet\">09.00   Conferencia Passive House Institute. <i>\u201cNovedades PHPP 8\u2033. <\/i><strong><span style=\"color: #969696;\">D\u00f1a. Mari Carmen Rivero<\/span><\/strong><\/li>\n<\/ul>\n<p><span style=\"color: #FFFFFF;background-color: #B4B4B4;padding-right: 5px;\"> Bloque t\u00e9cnico III<\/span><\/p>\n<ul class=\"list\">\n<li class=\"template-bullet\">09.30   <i>\u201cAdaptabilidade do conceito Passivhaus em climas mediterr\u00e2neos. o caso do clima portugu\u00eas\u201d. <\/i><strong><span style=\"color: #969696;\">D\u00f1a. Fernanda Rodrigues<\/span><\/strong><\/li>\n<li class=\"template-bullet\">09.50   <i>\u201cLow energy Buildings in Sweden\u201d. <\/i><strong><span style=\"color: #969696;\">D\u00f1a. Gunilla Rommerskirchen<\/span><\/strong><\/li>\n<li class=\"template-bullet\">10.10   <i>\u201cHeat Recovery Units: Evaluation criteria for unit efficiency and their economy an limits for heating in low energy an passive house in different climates\u201d. <\/i><strong><span style=\"color: #969696;\">D. <strong>Eberhard <\/strong>Paul <\/span><\/strong><\/li>\n<li class=\"template-bullet\">10.30   Coloquio<\/li>\n<li class=\"template-bullet\">11.00   Caf\u00e9 y visita de stands<\/li>\n<ul class=\"list\">\n<span style=\"color: #FFFFFF;background-color: #B4B4B4;padding-right: 5px;\">Bloque t\u00e9cnico IV<\/span><\/p>\n<ul class=\"list\">\n<li class=\"template-bullet\">11.30   <i>\u201cVivienda Unifamiliar Pasiva construida en Asturias en el a\u00f1o 2001, con aprovechamiento de Energ\u00eda Geot\u00e9rmica\u201d.<span style=\"color: #969696;\"> <\/span><\/i><strong><span style=\"color: #969696;\">D. Javier \u00c1lvarez<\/span><\/strong><\/li>\n<li class=\"template-bullet\">11.50   <i>\u201cArquitectos y promotores de NZeB\u201d. <\/i><strong><span style=\"color: #969696;\">D. Enrique Alzaga<\/span><\/strong><\/li>\n<li class=\"template-bullet\">12.10   <i>\u201cCasa La Sienra: Casa Pasiva con presupuesto ajustado\u201d. <\/i><strong><span style=\"color: #969696;\">D. Marcelino Gal\u00e1n<\/span><\/strong><\/li>\n<li class=\"template-bullet\">12.30   Coloquio<\/li>\n<li class=\"template-bullet\">13.00   Ponencia del Ganador II Concurso Iberoamericano Passivhaus<\/li>\n<li class=\"template-bullet\">13.30   Conferencia de Clausura. <strong><span style=\"color: #969696;\">D\u00f1a. Anne Vogt. Vocal Internacional PEP Espa\u00f1a<\/span><\/strong><\/li>\n<li class=\"template-bullet\">14.00   Visita de stands<\/li>\n<\/ul>\n<p>Via: <a href=\"http:\/\/www.plataforma-pep.org\/\" title=\"Plataforma Passivhaus Espa\u00f1a\" target=\"_blank\" rel=\"noopener nofollow\">http:\/\/www.plataforma-pep.org\/<\/a><\/p>\n","protected":false},"excerpt":{"rendered":"<p>Ma\u00f1ana Jueves 17 y Viernes 18 de octubre se celebra el 5\u00aa congreso Passivhaus Espa\u00f1a en el que se unen los distintos actores del sector de la construcci\u00f3n de casas pasivas certificadas Passivhaus.<br \/>\nLes dejamos el programa a continuaci\u00f3n:<\/p>\n","protected":false},"author":1,"featured_media":4972,"comment_status":"closed","ping_status":"closed","sticky":false,"template":"","format":"standard","meta":{"_acf_changed":false,"footnotes":""},"categories":[40,120,25],"tags":[136,137,113,114,140,41,141,131,143,144,145,29,54],"class_list":["post-2455","post","type-post","status-publish","format-standard","has-post-thumbnail","hentry","category-casa-pasiva","category-passive-house","category-passivhaus","tag-ahorro-energetico","tag-alta-eficiencia","tag-casa","tag-casa-ecologica","tag-casa-ecologica-espana","tag-casa-pasiva","tag-constrir-casa","tag-construccion","tag-construir-casa-ecologica","tag-edificacion","tag-enregia","tag-passivhaus","tag-passivhaus-espana"],"acf":[],"_links":{"self":[{"href":"https:\/\/www.papik.cat\/es\/wp-json\/wp\/v2\/posts\/2455","targetHints":{"allow":["GET"]}}],"collection":[{"href":"https:\/\/www.papik.cat\/es\/wp-json\/wp\/v2\/posts"}],"about":[{"href":"https:\/\/www.papik.cat\/es\/wp-json\/wp\/v2\/types\/post"}],"author":[{"embeddable":true,"href":"https:\/\/www.papik.cat\/es\/wp-json\/wp\/v2\/users\/1"}],"replies":[{"embeddable":true,"href":"https:\/\/www.papik.cat\/es\/wp-json\/wp\/v2\/comments?post=2455"}],"version-history":[{"count":0,"href":"https:\/\/www.papik.cat\/es\/wp-json\/wp\/v2\/posts\/2455\/revisions"}],"wp:featuredmedia":[{"embeddable":true,"href":"https:\/\/www.papik.cat\/es\/wp-json\/wp\/v2\/media\/4972"}],"wp:attachment":[{"href":"https:\/\/www.papik.cat\/es\/wp-json\/wp\/v2\/media?parent=2455"}],"wp:term":[{"taxonomy":"category","embeddable":true,"href":"https:\/\/www.papik.cat\/es\/wp-json\/wp\/v2\/categories?post=2455"},{"taxonomy":"post_tag","embeddable":true,"href":"https:\/\/www.papik.cat\/es\/wp-json\/wp\/v2\/tags?post=2455"}],"curies":[{"name":"wp","href":"https:\/\/api.w.org\/{rel}","templated":true}]}}