{"id":2462,"date":"2014-01-02T11:52:23","date_gmt":"2014-01-02T10:52:23","guid":{"rendered":"http:\/\/www.papik.cat\/passivpalau-planteamiento-del-cliente\/"},"modified":"2024-06-20T14:58:42","modified_gmt":"2024-06-20T12:58:42","slug":"passivpalau-planteamiento-del-cliente","status":"publish","type":"post","link":"https:\/\/www.papik.cat\/es\/passivpalau-planteamiento-del-cliente\/","title":{"rendered":"PassivPalau: Planteamiento del cliente"},"content":{"rendered":"<p><a href=\"http:\/\/www.papik.cat\/wp-content\/uploads\/2014\/01\/3-planteamiento-client.jpg\"><img decoding=\"async\" class=\"aligncenter size-full wp-image-1445\" src=\"http:\/\/www.papik.cat\/wp-content\/uploads\/2014\/01\/3-planteamiento-client.jpg\" alt=\"3-PLANTEAMIENTO--CLIENT\" width=\"100%\" height=\"auto\" \/><\/a><\/p>\n<h2>Primeros pasos: Dise\u00f1o a medida<\/h2>\n<p>Este proyecto de Casa Pasiva no tenia un dise\u00f1o arquitect\u00f3nico definido as\u00ed que desde Papik Casas Pasivas nos hicimos cargo del dise\u00f1o arquitect\u00f3nico y trabajamos en diferentes propuestas que fuimos presentando al cliente en forma de planta y en moldeado 3D para que en todo momento el cliente pueda hacerse a la idea de como ser\u00e1 su casa.<\/p>\n<p>En este caso el cliente tenia una idea clara del resultado que queria: <em>\u00abQueremos una casa de muy bajo consumo energ\u00e9tico, de una sola planta y que se integre con la edificaci\u00f3n existente\u201d.<\/em> El resto se fue moldeando con diferentes propuestas arquitect\u00f3nicas que se modificaron hasta conseguir lo que m\u00e1s gustaba al cliente.<\/p>\n<p>En esta imagen se pueden contemplar algunas opciones descartadas:<\/p>\n<p><a href=\"http:\/\/www.papik.cat\/wp-content\/uploads\/2014\/01\/4-propuestas-de-diseno.jpg\"><img decoding=\"async\" class=\"aligncenter \" src=\"http:\/\/www.papik.cat\/wp-content\/uploads\/2014\/01\/4-propuestas-de-diseno.jpg\" alt=\"4-PROPUESTAS-DE-DISENO\" width=\"100%\" height=\"auto\" \/><\/a><\/p>\n","protected":false},"excerpt":{"rendered":"<p>Este proyecto de Casa Pasiva no tenia un dise\u00f1o arquitect\u00f3nico definido as\u00ed que desde Papik Casas Pasivas nos hicimos cargo del dise\u00f1o arquitect\u00f3nico y trabajamos en diferentes propuestas que fuimos presentando al cliente en forma de planta y en moldeado 3D para que en todo momento el cliente pueda hacerse a la idea de como ser\u00e1 su casa.<\/p>\n","protected":false},"author":1,"featured_media":4967,"comment_status":"closed","ping_status":"closed","sticky":false,"template":"","format":"standard","meta":{"_acf_changed":false,"footnotes":""},"categories":[50,112,40,120,25,35],"tags":[114,41,42,150,29],"class_list":["post-2462","post","type-post","status-publish","format-standard","has-post-thumbnail","hentry","category-arquitectura","category-casa-madera","category-casa-pasiva","category-passive-house","category-passivhaus","category-portfolio","tag-casa-ecologica","tag-casa-pasiva","tag-casa-passiva","tag-eficiencia-energetica","tag-passivhaus"],"acf":[],"_links":{"self":[{"href":"https:\/\/www.papik.cat\/es\/wp-json\/wp\/v2\/posts\/2462","targetHints":{"allow":["GET"]}}],"collection":[{"href":"https:\/\/www.papik.cat\/es\/wp-json\/wp\/v2\/posts"}],"about":[{"href":"https:\/\/www.papik.cat\/es\/wp-json\/wp\/v2\/types\/post"}],"author":[{"embeddable":true,"href":"https:\/\/www.papik.cat\/es\/wp-json\/wp\/v2\/users\/1"}],"replies":[{"embeddable":true,"href":"https:\/\/www.papik.cat\/es\/wp-json\/wp\/v2\/comments?post=2462"}],"version-history":[{"count":0,"href":"https:\/\/www.papik.cat\/es\/wp-json\/wp\/v2\/posts\/2462\/revisions"}],"wp:featuredmedia":[{"embeddable":true,"href":"https:\/\/www.papik.cat\/es\/wp-json\/wp\/v2\/media\/4967"}],"wp:attachment":[{"href":"https:\/\/www.papik.cat\/es\/wp-json\/wp\/v2\/media?parent=2462"}],"wp:term":[{"taxonomy":"category","embeddable":true,"href":"https:\/\/www.papik.cat\/es\/wp-json\/wp\/v2\/categories?post=2462"},{"taxonomy":"post_tag","embeddable":true,"href":"https:\/\/www.papik.cat\/es\/wp-json\/wp\/v2\/tags?post=2462"}],"curies":[{"name":"wp","href":"https:\/\/api.w.org\/{rel}","templated":true}]}}