{"id":2468,"date":"2014-01-21T11:24:28","date_gmt":"2014-01-21T10:24:28","guid":{"rendered":"http:\/\/www.papik.cat\/presentacion-de-la-sexta-conferencia-espanola-passivhaus-6ceph\/"},"modified":"2024-06-20T14:57:48","modified_gmt":"2024-06-20T12:57:48","slug":"presentacion-de-la-sexta-conferencia-espanola-passivhaus-6ceph","status":"publish","type":"post","link":"https:\/\/www.papik.cat\/es\/presentacion-de-la-sexta-conferencia-espanola-passivhaus-6ceph\/","title":{"rendered":"Presentaci\u00f3n de la sexta Conferencia Espa\u00f1ola Passivhaus &#8211; 6CEPH"},"content":{"rendered":"<h2>La <a title=\"Plataforma edificaci\u00f3n Passivhaus casa pasiva\" href=\"http:\/\/www.plataforma-pep.org\" rel=\"nofollow noopener\" target=\"_blank\">Plataforma de Edificaci\u00f3n Passivhaus (PEP)<\/a> organiza m\u00faltiples actos por todo el territorio con la voluntad de difundir el est\u00e1ndar Passivhaus y dinamizar la industria del sector de la construcci\u00f3n de alta eficiencia energ\u00e9tica. Reuniones peri\u00f3dicas, visitas de obra, jornadas de puertas abiertas y otros actos relacionados.<\/h2>\n<p>Pero hay una fecha al a\u00f1o en la que la PEP organiza la conferencia espa\u00f1ola sobre Passivhaus (CEPH) que trata de unir a todos los actores del sector, desde arquitectos hasta constructores, consultoras energ\u00e9ticas o fabricantes de materiales para la construcci\u00f3n. En Papik Casas Pasivas somos socios de la Plataforma de Edificaci\u00f3n Passivhaus y desde hace cuatro a\u00f1os participamos en las diferentes actividades que organiza. En esta ocasi\u00f3n nos reservamos las fechas 20 y 21 de noviembre de 2014 para asistir a la confer\u00e9ncia que se har\u00e1 en Madrid y que tendr\u00e1 tres bloques centrados en la rehabilitaci\u00f3n energ\u00e9tica, su adaptaci\u00f3n al clima mediterr\u00e1neo y la viabilidad de su puesta en el mercado.<\/p>\n<ul class=\"list\">\n<li style=\"list-style-type: none;\">\n<ul class=\"list\">\n<li class=\"template-bullet\">El primer bloque, el <b>bloque t\u00e9cnico<\/b> Estar\u00e1 centrado en el est\u00e1ndar Passivhaus y la rehabilitaci\u00f3n, adentr\u00e1ndose en proyecto EuroPhit y la certificaci\u00f3n EnerPHi. Tambi\u00e9n ofrecer\u00e1 soluciones a como se adapta est\u00e1ndar Passivhaus al clima de veranos c\u00e1lidos, mostrando la teor\u00eda y su pr\u00e1ctica.<\/li>\n<\/ul>\n<\/li>\n<\/ul>\n<ul class=\"list\">\n<li style=\"list-style-type: none;\">\n<ul class=\"list\">\n<li class=\"template-bullet\">El segundo bloque, el<b> bloque de mercado<\/b> se adentrar\u00e1 en los aspectos econ\u00f3mico-financieros de este tipo de edificaci\u00f3n, hasta ahora poco abordados en Espa\u00f1a, mostrando como un ECCN puede ya ser construido con total garant\u00eda para promotores y compradores.<\/li>\n<\/ul>\n<\/li>\n<\/ul>\n<ul class=\"list\">\n<li class=\"template-bullet\">El tercer bloque, el <b>bloque divulgativo<\/b>, pensado para un p\u00fablico m\u00e1s amplio, explicar\u00e1 qu\u00e9 es Passivhaus, c\u00f3mo se vive y se trabaja en un edificio pasivo, identificando los puntos \u201cclave\u201d para alcanzar el est\u00e1ndar en una obra nueva o rehabilitaci\u00f3n.<\/li>\n<\/ul>\n<p>Os animamos a todos a reservaros esas fechas y encontrarnos all\u00ed.<\/p>\n<p>Os esperamos!<\/p>\n<p>Via: <a href=\"http:\/\/www.plataforma-pep.org\" rel=\"nofollow noopener\" target=\"_blank\">PEP<\/a><\/p>\n","protected":false},"excerpt":{"rendered":"<p>La Plataforma de Edificaci\u00f3n Passivhaus (PEP) organiza m\u00faltiples actos por todo el territorio con la voluntad de difundir el est\u00e1ndar Passivhaus y dinamizar la industria del sector de la construcci\u00f3n de alta eficiencia energ\u00e9tica. Reuniones peri\u00f3dicas, visitas de obra, jornadas de puertas abiertas y otros actos relacionados.<br \/>\nPero hay una fecha al a\u00f1o en la que la PEP organiza la conferencia espa\u00f1ola sobre Passivhaus (CEPH) que trata de unir a todos los actores del sector, desde arquitectos hasta constructores, consultoras energ\u00e9ticas o fabricantes de materiales para la construcci\u00f3n<\/p>\n","protected":false},"author":1,"featured_media":4962,"comment_status":"closed","ping_status":"closed","sticky":false,"template":"","format":"standard","meta":{"_acf_changed":false,"footnotes":""},"categories":[40,120,25],"tags":[152,153,29],"class_list":["post-2468","post","type-post","status-publish","format-standard","has-post-thumbnail","hentry","category-casa-pasiva","category-passive-house","category-passivhaus","tag-6ceph","tag-conferencia-espanola-passivhaus","tag-passivhaus"],"acf":[],"_links":{"self":[{"href":"https:\/\/www.papik.cat\/es\/wp-json\/wp\/v2\/posts\/2468","targetHints":{"allow":["GET"]}}],"collection":[{"href":"https:\/\/www.papik.cat\/es\/wp-json\/wp\/v2\/posts"}],"about":[{"href":"https:\/\/www.papik.cat\/es\/wp-json\/wp\/v2\/types\/post"}],"author":[{"embeddable":true,"href":"https:\/\/www.papik.cat\/es\/wp-json\/wp\/v2\/users\/1"}],"replies":[{"embeddable":true,"href":"https:\/\/www.papik.cat\/es\/wp-json\/wp\/v2\/comments?post=2468"}],"version-history":[{"count":0,"href":"https:\/\/www.papik.cat\/es\/wp-json\/wp\/v2\/posts\/2468\/revisions"}],"wp:featuredmedia":[{"embeddable":true,"href":"https:\/\/www.papik.cat\/es\/wp-json\/wp\/v2\/media\/4962"}],"wp:attachment":[{"href":"https:\/\/www.papik.cat\/es\/wp-json\/wp\/v2\/media?parent=2468"}],"wp:term":[{"taxonomy":"category","embeddable":true,"href":"https:\/\/www.papik.cat\/es\/wp-json\/wp\/v2\/categories?post=2468"},{"taxonomy":"post_tag","embeddable":true,"href":"https:\/\/www.papik.cat\/es\/wp-json\/wp\/v2\/tags?post=2468"}],"curies":[{"name":"wp","href":"https:\/\/api.w.org\/{rel}","templated":true}]}}