{"id":2484,"date":"2014-03-26T10:22:49","date_gmt":"2014-03-26T09:22:49","guid":{"rendered":"http:\/\/www.papik.cat\/inicio-construccion-casa-pasiva\/"},"modified":"2014-03-26T10:22:49","modified_gmt":"2014-03-26T09:22:49","slug":"inicio-construccion-casa-pasiva","status":"publish","type":"post","link":"https:\/\/www.papik.cat\/es\/inicio-construccion-casa-pasiva\/","title":{"rendered":"Inicio de la construcci\u00f3n"},"content":{"rendered":"<h1>Cimientos y estructura: La base y el esqueleto de la futura Casa Pasiva.<\/h1>\n<p>Una vez finalizado el proyecto y con todos los permisos tramitados, empezamos la obra de la casa pasiva de passivpalau en Palau Solit\u00e0 i Plegamans.<br \/>\nLo primero que hay que hacer para construir una casa de madera pasiva , son los cimientos. El forjado, como en cualquier otro proyecto que no utilice la madera, es muy importante para evitar humedades y garantizar que la estructura descanse sobre una base s\u00f3lida.<br \/>\n<img fetchpriority=\"high\" decoding=\"async\" class=\"aligncenter wp-image-1547 size-large\" src=\"http:\/\/www.papik.cat\/wp-content\/uploads\/2014\/03\/img-2278.jpg\" alt=\"forjat casa passiva\" width=\"1024\" height=\"683\"><br \/>\nUna vez realizado el forjado, llevamos a la obra las estructuras que han sido pre-construidas en el taller y est\u00e1n listas para ser ensambladas. Se trata de unas estructuras b\u00e1sicas sobre las que habr\u00e1 que aplicar el aislamiento, la impermeabilizaci\u00f3n, la fachada y los acabados interiores .<br \/>\n<img decoding=\"async\" class=\"aligncenter wp-image-1551 size-large\" src=\"http:\/\/www.papik.cat\/wp-content\/uploads\/2014\/03\/img-2362.jpg\" alt=\"IMG_2362\" width=\"1024\" height=\"683\"><br \/>\nSe trata de un proceso r\u00e1pido y muy vistoso, ya que en un solo d\u00eda se levanta el esqueleto de la casa y se empieza a vislumbrar el resultado final .<br \/>\nUna vez ensamblado queda solidificar esta estructura para conseguir el aislamiento y resistencia final.<\/p>\n","protected":false},"excerpt":{"rendered":"<p>Una vez finalizado el proyecto y con todos los permisos tramitados, empezamos la obra de la casa pasiva de Pineda58 en Palau Solit\u00e0 i Plegamans.<br \/>\nLo primero que hay que hacer para construir una casa de madera pasiva , son los cimientos. El forjado, como en cualquier otro proyecto que no utilice la madera, es muy importante para evitar humedades y garantizar que la estructura descanse sobre una base s\u00f3lida.<\/p>\n","protected":false},"author":1,"featured_media":2485,"comment_status":"closed","ping_status":"closed","sticky":false,"template":"","format":"standard","meta":{"_acf_changed":false,"footnotes":""},"categories":[50,112,40,39,120,25,35],"tags":[154,114,41,155,29,63,149],"class_list":["post-2484","post","type-post","status-publish","format-standard","has-post-thumbnail","hentry","category-arquitectura","category-casa-madera","category-casa-pasiva","category-energia","category-passive-house","category-passivhaus","category-portfolio","tag-blower-door","tag-casa-ecologica","tag-casa-pasiva","tag-energiehaus","tag-passivhaus","tag-phpp","tag-pineda58"],"acf":[],"_links":{"self":[{"href":"https:\/\/www.papik.cat\/es\/wp-json\/wp\/v2\/posts\/2484","targetHints":{"allow":["GET"]}}],"collection":[{"href":"https:\/\/www.papik.cat\/es\/wp-json\/wp\/v2\/posts"}],"about":[{"href":"https:\/\/www.papik.cat\/es\/wp-json\/wp\/v2\/types\/post"}],"author":[{"embeddable":true,"href":"https:\/\/www.papik.cat\/es\/wp-json\/wp\/v2\/users\/1"}],"replies":[{"embeddable":true,"href":"https:\/\/www.papik.cat\/es\/wp-json\/wp\/v2\/comments?post=2484"}],"version-history":[{"count":0,"href":"https:\/\/www.papik.cat\/es\/wp-json\/wp\/v2\/posts\/2484\/revisions"}],"wp:featuredmedia":[{"embeddable":true,"href":"https:\/\/www.papik.cat\/es\/wp-json\/wp\/v2\/media\/2485"}],"wp:attachment":[{"href":"https:\/\/www.papik.cat\/es\/wp-json\/wp\/v2\/media?parent=2484"}],"wp:term":[{"taxonomy":"category","embeddable":true,"href":"https:\/\/www.papik.cat\/es\/wp-json\/wp\/v2\/categories?post=2484"},{"taxonomy":"post_tag","embeddable":true,"href":"https:\/\/www.papik.cat\/es\/wp-json\/wp\/v2\/tags?post=2484"}],"curies":[{"name":"wp","href":"https:\/\/api.w.org\/{rel}","templated":true}]}}