{"id":2487,"date":"2014-05-07T09:23:50","date_gmt":"2014-05-07T07:23:50","guid":{"rendered":"http:\/\/www.papik.cat\/primer-campo-de-verano-passivhaus-en-espana\/"},"modified":"2024-06-20T14:55:23","modified_gmt":"2024-06-20T12:55:23","slug":"primer-campo-de-verano-passivhaus-en-espana","status":"publish","type":"post","link":"https:\/\/www.papik.cat\/es\/primer-campo-de-verano-passivhaus-en-espana\/","title":{"rendered":"Primera Academia de Verano Passivhaus en Espa\u00f1a"},"content":{"rendered":"<h2>Papik Casas Pasivas patrocina este evento orientado a profesionales del sector Passivhaus que se celebrar\u00e1 del 31 de julio hasta el 2 de agosto 2014 en Mura \u2013 Barcelona<\/h2>\n<p>Este reencuentro tendr\u00e1 car\u00e1cter de una Academia de Verano con 2 objetivos principales :<\/p>\n<p>Crear un espacio para intercambiar experiencias y aprovechar posibles sinergias entre los expertos Passivhaus: La red de expertos Passivhaus en Espa\u00f1a favorece el intercambio de Know-How y de experiencia en este campo de trabajo con poca difusi\u00f3n \u00abhardware\u00bb (libros, revistas ) y \u00absoftware\u00bb (internet) sobre el temario. Por eso es importante crear y mantener redes Passivhaus, tal como se hace a trav\u00e9s de la Plataforma PEP o del grupo \u00abPassivhaus Designers Espa\u00f1a\u00bb de LinkedIn.<br \/>\nSe debatir\u00e1 sobre 2 temas t\u00e9cnicos que tienen un alto inter\u00e9s entre los expertos<\/p>\n<p>Detalles constructivos pasivos y Ventilaci\u00f3n controlada:<br \/>\nDetalles constructivos: Los asistentes de la Academia tendr\u00e1n la ocasi\u00f3n de presentar un proyecto \/ estudio suyo que ser\u00e1 comentado ante el foro de los participantes. Se centrar\u00e1 el debate en el desarrollo de detalles constructivos \u00abconvencionales\u00bb, economicamente sostenibles y adaptados a las exigencias del est\u00e1ndar Passivhaus \u00abespa\u00f1ol\u00bb.<\/p>\n<p>Ventilaci\u00f3n mec\u00e1nica controlada: ZEHNDER, empresa patrocinadora oro de la Academia presentar\u00e1 sus \u00faltimos productos de VMC para edificios del tipo Passivhaus. Se combinar\u00e1 una presentaci\u00f3n t\u00e9cnica con un espacio de discusi\u00f3n abierto tipo \u00abstand\u00bb. El tema clave a discutir es: \u00bfC\u00f3mo combinar la VMC con calefacci\u00f3n \/ refrigeraci\u00f3n \/ deshumidificaci\u00f3n?<\/p>\n<p>Para conocer m\u00e1s sobre matriculaci\u00f3n y costes: <a href=\"http:\/\/www.energiehaus.es\/index.php\/eventos\/conferencias-jornadas-ciclos\/43-academia-de-verano\" rel=\"nofollow noopener\" target=\"_blank\">http:\/\/www.energiehaus.es\/index.php\/eventos\/conferencias-jornadas-ciclos\/43-academia-de-verano<\/a><\/p>\n","protected":false},"excerpt":{"rendered":"<p>Papik Casas Pasivas patrocina este evento orientado a profesionales del sector Passivhaus que se celebrar\u00e1 del 31 de julio hasta el 2 de agosto 2014 en Mura \u2013 Barcelona<\/p>\n","protected":false},"author":1,"featured_media":4957,"comment_status":"closed","ping_status":"closed","sticky":false,"template":"","format":"standard","meta":{"_acf_changed":false,"footnotes":""},"categories":[15,40,120,25],"tags":[159,160,161,162,29],"class_list":["post-2487","post","type-post","status-publish","format-standard","has-post-thumbnail","hentry","category-aislamiento","category-casa-pasiva","category-passive-house","category-passivhaus","tag-campamento-passivhaus","tag-campo-de-verano-passivhaus","tag-jornadas","tag-mura","tag-passivhaus"],"acf":[],"_links":{"self":[{"href":"https:\/\/www.papik.cat\/es\/wp-json\/wp\/v2\/posts\/2487","targetHints":{"allow":["GET"]}}],"collection":[{"href":"https:\/\/www.papik.cat\/es\/wp-json\/wp\/v2\/posts"}],"about":[{"href":"https:\/\/www.papik.cat\/es\/wp-json\/wp\/v2\/types\/post"}],"author":[{"embeddable":true,"href":"https:\/\/www.papik.cat\/es\/wp-json\/wp\/v2\/users\/1"}],"replies":[{"embeddable":true,"href":"https:\/\/www.papik.cat\/es\/wp-json\/wp\/v2\/comments?post=2487"}],"version-history":[{"count":0,"href":"https:\/\/www.papik.cat\/es\/wp-json\/wp\/v2\/posts\/2487\/revisions"}],"wp:featuredmedia":[{"embeddable":true,"href":"https:\/\/www.papik.cat\/es\/wp-json\/wp\/v2\/media\/4957"}],"wp:attachment":[{"href":"https:\/\/www.papik.cat\/es\/wp-json\/wp\/v2\/media?parent=2487"}],"wp:term":[{"taxonomy":"category","embeddable":true,"href":"https:\/\/www.papik.cat\/es\/wp-json\/wp\/v2\/categories?post=2487"},{"taxonomy":"post_tag","embeddable":true,"href":"https:\/\/www.papik.cat\/es\/wp-json\/wp\/v2\/tags?post=2487"}],"curies":[{"name":"wp","href":"https:\/\/api.w.org\/{rel}","templated":true}]}}