{"id":2502,"date":"2014-10-24T09:20:34","date_gmt":"2014-10-24T07:20:34","guid":{"rendered":"http:\/\/www.papik.cat\/jornada-nzeb-passivhaus-proyectos-actuales-en-cataluna\/"},"modified":"2024-06-20T14:51:54","modified_gmt":"2024-06-20T12:51:54","slug":"jornada-nzeb-passivhaus-proyectos-actuales-en-cataluna","status":"publish","type":"post","link":"https:\/\/www.papik.cat\/es\/jornada-nzeb-passivhaus-proyectos-actuales-en-cataluna\/","title":{"rendered":"Jornada nZEB- Passivhaus- Proyectos actuales en Catalu\u00f1a:"},"content":{"rendered":"<p>El pr\u00f3ximo d\u00eda 27 de octubre participaremos en la jornada \u00abnZEB- Passivhaus- Proyectos actuales en Catalu\u00f1a: Are we moving as quickly as we should?\u00bb que se celebra en el Roca Gallery de Barcelona.<\/p>\n<p>Hablaremos de la casa PassivPalau que hemos terminado este a\u00f1o y adem\u00e1s aprovecharemos este acto para hacer la entrega de la placa que acredita que esta casa a pasado la certificaci\u00f3n del instituto Passivhaus. As\u00ed que si quer\u00e9is saber como se construye una casa nZEB passivhaus con materiales sostenibles y acercaros un poco a los costes de este tipo de construcci\u00f3n, os esperamos en la Roca Gallery.<\/p>\n<ul class=\"list\">\n<li class=\"template-bullet\">17.00h Presentaci\u00f3n: Michel Wassouf Plataforma Edificaci\u00f3n Passivhaus Catalunya, Energiehaus. An\u00e1lisis de la situaci\u00f3n nZEB en Espa\u00f1a <\/li>\n<li class=\"template-bullet\">17.30. PassivPalau Casa Pasiva Mediterr\u00e1nea\u00bb Eva Jordan Arquitecta, Jordi Bolao \/ M\u00f3nica Vela (Propietarios), Joan Vianova (Arquitecto T\u00e9cnico). \u00abEl reto nZEB para el constructor, Papik Fisas, Constructor de casas pasivas passivhaus.<\/li>\n<li class=\"template-bullet\">18.00h. \u00abInstalaciones de alta eficiencia energ\u00e9tica para una casa de bajo consumo\u00bb, Vicen\u00e7 Fulcara, Progetic.<\/li>\n<li class=\"template-bullet\">18,20h. Rehabitaci\u00f3n de un edificio con 28 apartamentos con consumo de calefacci\u00f3n casi nulo\u00bb. Jordi LLovera, ingeniero.<\/li>\n<li class=\"template-bullet\">18.40h. Preguntas- debate<\/li>\n<li class=\"template-bullet\">19.00h. Clausura del evento<\/li>\n<\/ul>\n<p>El acto es gratuito, pero las plazas son muy limitadas.<br \/>\nPod\u00e9is inscribiros en esta web: <a href=\"http:\/\/www.plataforma-pep.org\/noticias\/jornada-divulgativa-en-barcelona-27-de-octubre\" rel=\"nofollow noopener\" target=\"_blank\">http:\/\/www.plataforma-pep.org\/noticias\/jornada-divulgativa-en-barcelona-27-de-octubre<\/a><\/p>\n","protected":false},"excerpt":{"rendered":"<p>El pr\u00f3ximo d\u00eda 27 de octubre participaremos en la jornada \u00abnZEB- Passivhaus- Proyectos actuales en Catalu\u00f1a: Are we moving as quickly as we should?\u00bb que se celebra en el Roca Gallery de Barcelona.<\/p>\n<p>Hablaremos de la casa PassivPalau que hemos terminado este a\u00f1o y adem\u00e1s aprovecharemos este acto para hacer la entrega de la placa que acredita que esta casa a pasado la certificaci\u00f3n del instituto Passivhaus. As\u00ed que&#8230;<\/p>\n","protected":false},"author":1,"featured_media":4951,"comment_status":"closed","ping_status":"closed","sticky":false,"template":"","format":"standard","meta":{"_acf_changed":false,"footnotes":""},"categories":[25,16],"tags":[171,172,29,173,174],"class_list":["post-2502","post","type-post","status-publish","format-standard","has-post-thumbnail","hentry","category-passivhaus","category-prensa","tag-nzeb","tag-passiv-palau","tag-passivhaus","tag-pep","tag-platafora-espanola-passivhaus"],"acf":[],"_links":{"self":[{"href":"https:\/\/www.papik.cat\/es\/wp-json\/wp\/v2\/posts\/2502","targetHints":{"allow":["GET"]}}],"collection":[{"href":"https:\/\/www.papik.cat\/es\/wp-json\/wp\/v2\/posts"}],"about":[{"href":"https:\/\/www.papik.cat\/es\/wp-json\/wp\/v2\/types\/post"}],"author":[{"embeddable":true,"href":"https:\/\/www.papik.cat\/es\/wp-json\/wp\/v2\/users\/1"}],"replies":[{"embeddable":true,"href":"https:\/\/www.papik.cat\/es\/wp-json\/wp\/v2\/comments?post=2502"}],"version-history":[{"count":0,"href":"https:\/\/www.papik.cat\/es\/wp-json\/wp\/v2\/posts\/2502\/revisions"}],"wp:featuredmedia":[{"embeddable":true,"href":"https:\/\/www.papik.cat\/es\/wp-json\/wp\/v2\/media\/4951"}],"wp:attachment":[{"href":"https:\/\/www.papik.cat\/es\/wp-json\/wp\/v2\/media?parent=2502"}],"wp:term":[{"taxonomy":"category","embeddable":true,"href":"https:\/\/www.papik.cat\/es\/wp-json\/wp\/v2\/categories?post=2502"},{"taxonomy":"post_tag","embeddable":true,"href":"https:\/\/www.papik.cat\/es\/wp-json\/wp\/v2\/tags?post=2502"}],"curies":[{"name":"wp","href":"https:\/\/api.w.org\/{rel}","templated":true}]}}