{"id":2614,"date":"2015-10-27T11:12:38","date_gmt":"2015-10-27T10:12:38","guid":{"rendered":"http:\/\/www.papik.cat\/llevamos-el-passivhaus-a-gerona\/"},"modified":"2024-06-20T13:16:30","modified_gmt":"2024-06-20T11:16:30","slug":"llevamos-el-passivhaus-a-gerona","status":"publish","type":"post","link":"https:\/\/www.papik.cat\/es\/llevamos-el-passivhaus-a-gerona\/","title":{"rendered":"Llevamos el passivhaus a Gerona"},"content":{"rendered":"<h2>Desde el Martes 28 de Octubre hasta el domingo 1 de Noviembre se celebra la 54\u00aa feria de muestras de Girona, un encuentro que es el referente de la actividad empresarial de la provincia gerundense donde en esta edici\u00f3n se encontrar\u00e1n cerca de 400 empresas en m\u00e1s de 45.000 m2.<\/h2>\n<p>En esta edici\u00f3n, la feria estrena un espacio dedicado a la construcci\u00f3n sostenible y es en este espacio que Papik Casas Pasivas ofrecer\u00e1 a los visitantes la oportunidad de conocer que es el certificado Passivhaus o en que consiste una casa pasiva y Biopassiva.<\/p>\n<p>En el stand de Papik Casas Pasivas (360) el visitante podr\u00e1 descubrir c\u00f3mo son las casas del futuro con una muestra de casa Biopassiva certificada passivhaus, capaz de conseguir confort y sostenibilidad ahorrando hasta un 70% de energ\u00eda.<\/p>\n<p>Papik Casas Pasivas ha construido la segunda casa certificada Passivhaus de Catalu\u00f1a consiguiendo unos resultados en los diferentes c\u00e1lculos y tests excelencia \u2022 lentos, que se han materializado en una casa capaz de mantener un gran confort interior, con el m\u00ednimo consumo. Se trata de PassivPalau, una casa Pasiva ubicada en Palau Solit\u00e0 i Plegamans, en la que los clientes han notado un ahorro energ\u00e9tico de m\u00e1s del 70% respecto a la anterior vivienda de caracter\u00edsticas similares y ubicado en el mismo municipio.<\/p>\n<p>Papik Casas Pasivas, como miembro de la Plataforma de Edificaci\u00f3n Passivhaus hace una labor de divulgaci\u00f3n de los beneficios que supone este sistema constructivo que sumados al sistema constructivo sostenible de las casas Biopassives de Papik Casas Pasivas consiguen casas sostenibles sin hipoteca energ\u00e9tica capaces de absorber m\u00e1s CO2 del que emite.<\/p>\n<p>Ven a visitarnos en el stand 360, en la secci\u00f3n destinada a construcci\u00f3n sostenible.<\/p>\n","protected":false},"excerpt":{"rendered":"<p>Desde el Martes 28 de Octubre hasta el domingo 1 de Noviembre se celebra la 54\u00aa feria de muestras de Girona, un encuentro que es el referente de la actividad empresarial de la provincia gerundense donde en esta edici\u00f3n se encontrar\u00e1n cerca de 400 empresas en m\u00e1s de 45.000 m2. En esta edici\u00f3n, la feria &hellip; <a href=\"https:\/\/www.papik.cat\/es\/llevamos-el-passivhaus-a-gerona\/\">Ver m\u00e1s<\/a><\/p>\n","protected":false},"author":1,"featured_media":2595,"comment_status":"closed","ping_status":"closed","sticky":false,"template":"","format":"standard","meta":{"_acf_changed":false,"footnotes":""},"categories":[40,291,25],"tags":[207,258,42,262,259,205,206,29],"class_list":["post-2614","post","type-post","status-publish","format-standard","has-post-thumbnail","hentry","category-casa-pasiva","category-casa-passiva-es","category-passivhaus","tag-biopasiva","tag-biopassiva","tag-casa-passiva","tag-fira-de-mostres-es","tag-fira-de-mostres","tag-gerona","tag-girona","tag-passivhaus"],"acf":[],"_links":{"self":[{"href":"https:\/\/www.papik.cat\/es\/wp-json\/wp\/v2\/posts\/2614","targetHints":{"allow":["GET"]}}],"collection":[{"href":"https:\/\/www.papik.cat\/es\/wp-json\/wp\/v2\/posts"}],"about":[{"href":"https:\/\/www.papik.cat\/es\/wp-json\/wp\/v2\/types\/post"}],"author":[{"embeddable":true,"href":"https:\/\/www.papik.cat\/es\/wp-json\/wp\/v2\/users\/1"}],"replies":[{"embeddable":true,"href":"https:\/\/www.papik.cat\/es\/wp-json\/wp\/v2\/comments?post=2614"}],"version-history":[{"count":0,"href":"https:\/\/www.papik.cat\/es\/wp-json\/wp\/v2\/posts\/2614\/revisions"}],"wp:featuredmedia":[{"embeddable":true,"href":"https:\/\/www.papik.cat\/es\/wp-json\/wp\/v2\/media\/2595"}],"wp:attachment":[{"href":"https:\/\/www.papik.cat\/es\/wp-json\/wp\/v2\/media?parent=2614"}],"wp:term":[{"taxonomy":"category","embeddable":true,"href":"https:\/\/www.papik.cat\/es\/wp-json\/wp\/v2\/categories?post=2614"},{"taxonomy":"post_tag","embeddable":true,"href":"https:\/\/www.papik.cat\/es\/wp-json\/wp\/v2\/tags?post=2614"}],"curies":[{"name":"wp","href":"https:\/\/api.w.org\/{rel}","templated":true}]}}