{"id":2636,"date":"2017-03-15T10:59:45","date_gmt":"2017-03-15T09:59:45","guid":{"rendered":"http:\/\/www.papik.cat\/25-anos-de-la-primera-casa-pasiva-passivhaus\/"},"modified":"2024-06-20T12:54:55","modified_gmt":"2024-06-20T10:54:55","slug":"25-anos-de-la-primera-casa-pasiva-passivhaus","status":"publish","type":"post","link":"https:\/\/www.papik.cat\/es\/25-anos-de-la-primera-casa-pasiva-passivhaus\/","title":{"rendered":"25 a\u00f1os de la primera casa pasiva Passivhaus"},"content":{"rendered":"<p dir=\"wp\">A continuaci\u00f3n os dejamos la traducci\u00f3n de la entrevista que ha publicado la <a href=\"http:\/\/passivehouse-international.org\/\" rel=\"nofollow noopener\" target=\"_blank\">asociaci\u00f3n internacional Passivhaus<\/a>. La entrevistadora, Katrin Kr\u00e4mer, pregunta al Dr. Wolfgang Feist, responsable&nbsp;de la primera casa pasiva passivhaus construida hace 25 a\u00f1os. Pod\u00e9is leer la noticia original <a href=\"https:\/\/blog.passivehouse-international.org\/first-passive-house-wolfgang-feist\/\" rel=\"nofollow noopener\" target=\"_blank\">Aqu\u00ed<\/a><\/p>\n<p dir=\"wp\">Han pasado 25 a\u00f1os desde que el Dr. Wolfgang Feist construy\u00f3 el primer edificio de la Casa Pasiva en Darmstadt, Alemania. Katrin Kr\u00e4mer, jefa&nbsp;de prensa del Instituto Pasivhaus, se sent\u00f3 con \u00e9l para averiguar c\u00f3mo empez\u00f3 todo.<\/p>\n<h4>Fuiste un pionero del est\u00e1ndar Passivhaus hace 25 a\u00f1os al&nbsp;construir&nbsp;la primera casa pasiva del mundo. \u00bfA\u00fan recuerdas el optimismo predominante&nbsp;de ese momento?<\/h4>\n<p dir=\"wp\">\u00a1Por supuesto! Fueron tiempos turbulentos. La gente se preocupaba por cosas distintas al&nbsp;futuro del planeta. Era el momento en que las llamadas \u00abverdaderas dictaduras socialistas\u00bb se derrumbaban y la pol\u00edtica energ\u00e9tica era casi sin\u00f3nimo de pol\u00edtica energ\u00e9tica nuclear. Sin embargo, hab\u00eda algunas personas que estaban activamente preocupadas por la pregunta esencial sobre&nbsp;por qu\u00e9 necesit\u00e1bamos usar tanta energ\u00eda. William Shurcliff, Arthur Rosenfeld y Amory Lovins en Estados Unidos, Harold Orr en Canad\u00e1, Vagn Korsgaard y Joergen Noergard en Dinamarca, Bo Adamson y Arne Elmroth en Suecia &#8211; la lista contin\u00faa. La mayor\u00eda de estos pioneros vinieron de diferentes disciplinas cient\u00edficas y se comprometieron a publicitar los beneficios de la ciencia entre las personas.<\/p>\n<h4>\u00bfQu\u00e9 te motiv\u00f3 a promover la casa pasiva passivhaus y los m\u00e9todos de construcci\u00f3n alternativos?<\/h4>\n<p dir=\"wp\">Incluso en la d\u00e9cada de 1970 estaba claro que la era de los combustibles f\u00f3siles estaba llegando a su fin. Estaba claro que el principal problema con esta forma de energ\u00eda eran las emisiones de di\u00f3xido de carbono. Sin embargo, durante ese tiempo se hizo hincapi\u00e9 en la sustituci\u00f3n de combustibles f\u00f3siles por alternativas nucleares. S\u00f3lo unos cuantos cient\u00edficos, como mi amigo Klaus Traube, hab\u00edan pasado por el arduo proceso de evaluar correctamente los riesgos de la energ\u00eda de la fisi\u00f3n nuclear.<\/p>\n<p dir=\"wp\">Visto con objetividad, estaba claro que otra estrategia de sustituci\u00f3n de la energ\u00eda f\u00f3sil&nbsp;era necesaria. Por lo tanto, decidimos abordar el problema de&nbsp;ra\u00edz. Analizamos&nbsp;para que se utilizaban realmente estas enormes cantidades de combustible extra\u00eddo&nbsp;de la tierra. El resultado fue impactante: la mayor parte del consumo de energ\u00eda moderna se utilizaba para la calefacci\u00f3n en&nbsp;edificios, es decir, m\u00e1s de un tercio! Para los expertos en f\u00edsica, se dieron cuenta de inmediato que esto pod\u00eda hacerse de una manera m\u00e1s eficiente; Era s\u00f3lo una cuesti\u00f3n de implementaci\u00f3n. Por lo tanto, nos enfocamos&nbsp;en las cuestiones pr\u00e1cticas de los sistemas de calefacci\u00f3n, distribuci\u00f3n de calor, ventanas, techos y sistemas de ventilaci\u00f3n.<\/p>\n<h4>\u00bfQu\u00e9 pens\u00f3 su familia sobre sus planes de construcci\u00f3n alternativa? \u00bfEstaban tan entusiasmados como t\u00fa?<\/h4>\n<p dir=\"wp\">Ambos ni\u00f1os eran todav\u00eda peque\u00f1os y estaban entusiasmados con todo lo que suced\u00eda a su alrededor. Mi esposa Witta, desde el principio se volc\u00f3 con el proyecto; de hecho, la mayor parte del proceso de aprendizaje lo hicimos juntos. Los abuelos eran un poco esc\u00e9pticos pero tuvieron una actitud positiva hacia este \u00abdisparate\u00bb &#8211; y nos apoyaron tanto como pod\u00edan. Por supuesto, tuvimos que pasar por las complicaciones y tensiones&nbsp;habituales en&nbsp;un proceso de construcci\u00f3n. Pero el hecho de construirlo de manera diferente al m\u00e9todo habitual no lo hizo m\u00e1s f\u00e1cil.<\/p>\n<p dir=\"wp\">Contamos con total soporte por parte de nuestros arquitectos Professor Bott, Ridder y Westermeyer. Siguieron casi todos nuestros deseos (Burl\u00e1ndose de los estrictos principios). El IWU (Instituto Alem\u00e1n para la Vivienda y el Medio Ambiente) permiti\u00f3 la investigaci\u00f3n complementaria asociada y el Ministerio de Econom\u00eda del Estado de Hesse proporcion\u00f3 financiaci\u00f3n. Enterramos cientos de sensores. Fue&nbsp;m\u00e1s complicado de lo que ser\u00eda hoy en d\u00eda&nbsp;ya que no exist\u00eda el wifi&nbsp;y tuvimos que colocar correctamente cientos de cables.<\/p>\n<h4>Fuiste uno de los cuatro propietarios del edificio Pasivo. \u00bfQui\u00e9nes fueron&nbsp;los otros?<\/h4>\n<p dir=\"wp\">La ciudad de Darmstadt ofreci\u00f3 los terrenos&nbsp;y hab\u00eda una larga lista de aspirantes para las parcelas en alquiler a largo plazo.&nbsp;Las familias con pocos ingresos ten\u00edan derecho a solicitar acceso a las parcelas. La b\u00fasqueda de copropietarios&nbsp;fue dif\u00edcil. S\u00f3lo cuando reunimos el valor&nbsp;para construir por nuestra cuenta y superar nuestros miedos que se presentaron tres familias dispuestas a participar en el&nbsp;proyecto. Eran familias que no se conoc\u00edan entre ellas y con profesiones totalmente distintas.<\/p>\n<h4>\u00bfC\u00f3mo manejasteis las disputas durante la fase de construcci\u00f3n?<\/h4>\n<p dir=\"wp\">En este tema el apoyo de Rasch &amp; Partner y de los arquitectos supuso un papel importante. Se las arreglaron para evitar cualquier obst\u00e1culo de forma muy cuidadosa. Ya conoc\u00edamos a estos socios de proyectos anteriores en los que siempre hab\u00edan logrado contrarrestar las fuerzas centr\u00edfugas surgidas durante los proyectos de autoconstrucci\u00f3n colectiva.<\/p>\n<p dir=\"wp\">Nuestro primer prototipo de edificio tuvo que convencer a todos de lo racional&nbsp;de las soluciones planteadas, y lo consigui\u00f3. Por supuesto, la gente dudo y ridiculiz\u00f3&nbsp;algunas de los planteamientos (tanto en privado como abiertamente). Pero al mismo tiempo, todo el mundo tenia curiosidad por ver si se consegu\u00eda alcanzar los objetivos: una casa que no necesitar\u00eda energ\u00eda para la calefacci\u00f3n.<\/p>\n<h4>\u00bfSimplemente se dividieron los costes de construcci\u00f3n entre las cuatro familias?<\/h4>\n<p dir=\"wp\">Para la versi\u00f3n est\u00e1ndar hab\u00eda una escala progresiva. Los clientes podr\u00edan pedir y pagar por \u00abextras\u00bb, como una cocina personalizada o un tipo espec\u00edfico&nbsp;de parquet. En t\u00e9rminos generales, los cuatro hogares ten\u00edan una estructura id\u00e9ntica, al menos en lo que se refiere a su calidad estructural. Todos son passivhaus, incluso cumpliendo los &nbsp;<a href=\"http:\/\/www.passiv.de\/downloads\/03_building_criteria_en.pdf\" rel=\"nofollow noopener\" target=\"_blank\">criterios del est\u00e1ndar passivhaus actual<\/a>.&nbsp;Los costes extras&nbsp;(en ese momento aun eran&nbsp;destacables) sumaban unos&nbsp;90.000 marcos alemanes por hogar, el Ministerio de Econom\u00eda del Estado de Hesse ofreci\u00f3 una subvenci\u00f3n del 50%.<\/p>\n<p dir=\"wp\">En esos momentos&nbsp;la energ\u00eda era mucho m\u00e1s barata que hoy en d\u00eda. Por esa raz\u00f3n, la eficiencia econ\u00f3mica del prototipo no fue un enfoque clave en el planteamiento. Era m\u00e1s importante probar si el concepto realmente funcionaba. Lo mismo ocurri\u00f3&nbsp;con otros productos&nbsp;t\u00e9cnicos: las primeras calculadoras de bolsillo cient\u00edficas costaban&nbsp;alrededor de 2.000 marcos alemanes. Tras descubrir como funcionaban y constatar que eran efectivas, fue posible reducir de forma dr\u00e1stica el coste.<\/p>\n<h4>\u00bfSiguen viviendo en el edificio las mismas familias a d\u00eda de hoy?<\/h4>\n<p dir=\"wp\">Hay una familia que alquila su unidad de vivienda. La gente tiene hijos y las cosas cambian como en cualquier otra parte del mundo.<\/p>\n<h4>\u00bfTodav\u00eda se llevan bien los unos con los otros?<\/h4>\n<p dir=\"wp\">Los copropietarios han formado una asociaci\u00f3n basada en el confort. En el proyecto piloto procuramos ofrecer un uso conjunto de recursos siempre que fuera beneficioso. Por ejemplo, la lavander\u00eda y cuarto de secado. Esta idea vino de Suecia, donde estas instalaciones son bastante comunes.<\/p>\n<p dir=\"wp\">Para ser honesto, esto no tuvo mucho \u00e9xito en nuestro caso, probablemente porque nuestras tendencias sociales se est\u00e1n moviendo en la direcci\u00f3n de una mayor individualizaci\u00f3n. Hoy en d\u00eda, es m\u00e1s probable ir y comprar un taladro el\u00e9ctrico que pedir prestado uno a&nbsp;los vecinos. Estas&nbsp;tendencias tambi\u00e9n tienen un impacto en este tipo de colectivos&nbsp;de construcci\u00f3n colectiva.<\/p>\n<h4>Es habitual que el complejo de viviendas se abra al p\u00fablico e incluso hoy en d\u00eda sigue siendo objeto de muchas investigaciones t\u00e9cnicas. \u00bfQu\u00e9 supone&nbsp;vivir en una \u00abexposici\u00f3n\u00bb y un \u00abobjeto de prueba\u00bb?<\/h4>\n<p dir=\"wp\">Al principio lo disfrutamos &#8211; en los primeros dos a\u00f1os, ven\u00edan&nbsp;unos 5000 visitantes a&nbsp;nuestra casa. Al final mi esposa y yo nos sent\u00edamos muy estresados por tener que arreglar y limpiarlo todo y por eso decidimos limitar las visitas.<\/p>\n<p dir=\"wp\">Fuimos muy cuidadosos y nos aseguramos de que las visitas no se accedieran a la tecnolog\u00eda y las lecturas. De la misma manera nos aseguramos de que los datos fueran an\u00f3nimos para respetar la privacidad de los residentes.<\/p>\n<h4>\u00bfHab\u00eda un referente? En Escandinavia, las casas de alta eficiencia energ\u00e9tica&nbsp;eran relativamente comunes en ese momento&#8230;<\/h4>\n<p dir=\"wp\">El Passivhaus&nbsp;se basa en&nbsp;una tradici\u00f3n que ha estado evolucionando durante siglos. Por ejemplo, si observamos la p\u00e9rdida de calor de los componentes exteriores del edificio, &nbsp;vemos que han ido disminuyendo gradualmente durante m\u00e1s de cien a\u00f1os. Comenzaron alrededor de 1,5W\/m<sup>2<\/sup>K (vatios por metro cuadrado kelvin) &nbsp;y ahora han alcanzado alrededor de 0,15W\/m<sup>2<\/sup>K con los edificios&nbsp;passivhaus, lo que supone una d\u00e9cima parte. Hab\u00edamos estado siguiendo los avances&nbsp;en Escandinavia y Am\u00e9rica del Norte con gran inter\u00e9s. De hecho, en 1980 Suecia ya ten\u00eda un c\u00f3digo de construcci\u00f3n que correspond\u00eda a la <a href=\"http:\/\/www.bbsr-energieeinsparung.de\/EnEVPortal\/EN\/EnEV\/enev_node.html\" rel=\"nofollow noopener\" target=\"_blank\">EnEV<\/a> alemana actual, que muchos consideran particularmente \u00abeficiente\u00bb (7 litros de combustible para calefacci\u00f3n por metro cuadrado por a\u00f1o). Tuvimos contactos cercano con los cient\u00edficos en Suecia y en los Estados Unidos. Bo Adamson, mi colega en Suecia, trabaj\u00f3 en el proyecto conmigo.<\/sup><\/sup><\/p>\n<h4>\u00bfPor qu\u00e9 se construy\u00f3 la primera casa pasiva Passivhaus en Darmstadt?<\/h4>\n<p dir=\"wp\">Fue&nbsp;debido a una serie de coincidencias, pero tambi\u00e9n a petici\u00f3n de G\u00fcnther Metzger, alcalde de la ciudad en ese momento. La ciudad ya ten\u00eda unas parcelas reservadas para la \u00abconstrucci\u00f3n experimental de viviendas\u00bb, la mayor\u00eda de las cuales ya hab\u00edan sido desarrolladas. El&nbsp;instituto de investigaci\u00f3n del Estado de Hesse y la ciudad de Darmstadt del Instituto de la Vivienda y el Medio Ambiente&nbsp;fueron los que propiciaron la creaci\u00f3n de estas parcelas. Ah\u00ed es donde est\u00e1bamos trabajando, y gracias&nbsp;a ello ten\u00edamos contactos a nivel internacional con los que&nbsp;discut\u00edamos estas ideas. El est\u00e1ndar Passivhaus&nbsp;es el desarrollo l\u00f3gico&nbsp;de la casa de alta eficiencia energ\u00e9tica. Se han reducido las p\u00e9rdidas de calor innecesarias a trav\u00e9s de paredes, techos y ventanas hasta el punto&nbsp;que el&nbsp;sistema de calefacci\u00f3n se convirti\u00f3 en irrelevante. Un edificio Passivhaus&nbsp;requiere el equivalente a s\u00f3lo 1,5 litros de gasoil&nbsp;de calefacci\u00f3n por metro cuadrado por a\u00f1o.<\/p>\n<h4>\u00bfC\u00f3mo reaccionaron los compa\u00f1eros expertos y ingenieros del sector de la edificaci\u00f3n ante&nbsp;sus planes Passivhaus?<\/h4>\n<p dir=\"wp\">De modos muy distintos&nbsp;&#8211; El que fue supervisor de mi doctorado ten\u00eda sus reservas pero sigui\u00f3 muy de cerca el avance con&nbsp;una actitud positiva. Otros &#8211; cuyos nombres no voy a mencionar aqu\u00ed- publicaron art\u00edculos te\u00f3ricos argumentando&nbsp;que dicho&nbsp;concepto nunca iba a funcionar.<\/p>\n<h4>\u00bfCu\u00e1nto tiempo dedic\u00f3 a&nbsp;planear la teor\u00eda de el concepto passivhaus&nbsp;en su cabeza&nbsp;y cuanto tiempo tard\u00f3 en tomar la decisi\u00f3n de tirar hacia delante el proyecto?<\/h4>\n<p dir=\"wp\">La idea b\u00e1sica surgi\u00f3 de una charla con Bo Adamson alrededor de 1987 en Lund, Suecia. Acababa de regresar de un viaje de investigaci\u00f3n en el&nbsp;sur de China, donde hab\u00eda participado en la mejora del confort de casas sin calefacci\u00f3n. Se refiri\u00f3 a estas casas como \u00abcasas pasivas\u00bb. Utiliz\u00f3 este t\u00e9rmino porque estos edificios funcionan en un modo&nbsp;pasivo en t\u00e9rminos t\u00e9rmicos &#8211; y todo se vuelve mucho m\u00e1s simple, incluyendo el an\u00e1lisis cient\u00edfico. Decidimos dedicarnos a&nbsp;un proyecto de investigaci\u00f3n que averiguara&nbsp;si este tipo de edificios&nbsp;tambi\u00e9n podr\u00eda funcionar en Europa con inviernos mucho m\u00e1s fr\u00edos.<\/p>\n<p dir=\"wp\">Fuimos&nbsp;capaces de establecer un \u00abproyecto de investigaci\u00f3n previo a la construcci\u00f3n&nbsp;de casas pasivas\u00bb. El equipo consider\u00f3 todas las variantes concebibles &#8211; y en la teor\u00eda, parec\u00eda funcionar. Conseguir un&nbsp;procedimiento te\u00f3rico fiable para describir el comportamiento t\u00e9rmico de los edificios tubo una importancia decisiva.<\/p>\n<p>\u00bfCu\u00e1nto pas\u00f3 desde la planificaci\u00f3n arquitect\u00f3nica y t\u00e9cnica hasta que se inici\u00f3 la obra?<\/p>\n<p dir=\"wp\">La planificaci\u00f3n arquitect\u00f3nica dur\u00f3 el tiempo que era habitual en&nbsp;ese momento&nbsp;-poco menos de un a\u00f1o- Trabajando a partir de octubre de 1990. Sab\u00edamos que un concepto prometedor no pod\u00eda alejarse demasiado de los m\u00e9todos de construcci\u00f3n normales; Los m\u00e9todos&nbsp;\u00abex\u00f3ticos\u00bb hab\u00edan supuesto&nbsp;una etapa pasajera en el sector de la construcci\u00f3n principalmente formada por medianas y peque\u00f1as empresas. Por lo tanto, tratamos de simplificar las cosas en lugar de complicarlas. En la medida de lo posible, recurrimos&nbsp;a los componentes ya existentes, tales como paredes de piedra arenisca de alba\u00f1iler\u00eda, el techo de vigas, ventanas de madera&#8230;<\/p>\n<h4>Los elementos que caracterizan a una casa pasiva passivhaus, como por ejemplo las&nbsp;ventanas de triple acristalamiento, todav\u00eda no estaban disponibles en el mercado. \u00bfC\u00f3mo lo lograste?<\/h4>\n<p dir=\"wp\">Si nos fijamos en el ejemplo de triple vidrio&nbsp;de alta eficiencia: Efectivamente, eso no estaba disponible en el mercado. Todav\u00eda recuerdo la conversaci\u00f3n que tuve en 1989 con el Dr. Ortmanns, que era el jefe de investigaci\u00f3n de Vegla (<a href=\"https:\/\/www.saint-gobain.com\/en\" rel=\"nofollow noopener\" target=\"_blank\">Saint Gobain<\/a> hoy), una gran empresa fabricante de placas de vidrio. \u00abOK &#8211; tres paneles con un revestimiento en 3 y 5 &#8211; Vale, para este proyecto, vamos a suministrarlos\u00bb. No siempre fue tan bien y f\u00e1cil. Por ejemplo, no fue f\u00e1cil obtener los espaciadores t\u00e9rmicos&nbsp;. Pasaron a\u00f1os hasta&nbsp;que la industria reconoci\u00f3&nbsp;las oportunidades en este campo. En otras ocasiones&nbsp;tuvimos que hacer los componentes necesarios nosotros mismos &#8211; en el laboratorio, por as\u00ed decirlo. Este fue el caso de la modificaci\u00f3n de las cuatro unidades de ventilaci\u00f3n central que equipamos con ventiladores de corriente directa especialmente desarrollados y una unidad de control de&nbsp;la calidad del aire.<\/p>\n<h4>\u00bfC\u00f3mo reaccion\u00f3 el carpintero cuando le pidi\u00f3 que creara ventanas con cristales triples? \u00bfFue&nbsp;colaborativo?<\/h4>\n<p dir=\"wp\">Bueno,&nbsp;se neg\u00f3 a aceptar la responsabilidad &#8211; que es lo mismo que sucede hoy en d\u00eda con las innovaciones. La idea de que la mayor\u00eda de los artesanos involucrados no estaban de acuerdo con las innovaciones es una afirmaci\u00f3n estereotipada. Durante el proceso de construcci\u00f3n, experiment\u00e9 en primera persona c\u00f3mo nos encontramos en las escaleras para colocar juntos las l\u00e1minas&nbsp;herm\u00e9ticas tal i como marcan los&nbsp;principios de la Casa Pasiva. Aplicamos cuidadosamente las l\u00e1minas por todas partes sin ning\u00fan pliegue. Los artesanos tienen una larga tradici\u00f3n en Alemania y eso es una gran ventaja para el&nbsp;pa\u00eds: Tener muchas&nbsp;empresas peque\u00f1as y medianas altamente competentes en el mercado. Los expertos en carpinter\u00eda, en particular, respondieron muy r\u00e1pido a las innovaciones, ampliaron su experiencia y nos ofrecieron soluciones sustancialmente optimizadas.<\/p>\n<h4>\u00bfQu\u00e9 har\u00eda diferente hoy en d\u00eda, con respecto a la construcci\u00f3n de su casa passivhaus?<\/h4>\n<p dir=\"wp\">Hoy orientar\u00eda ligeramente el techo inclinado hacia el sur, para poder hacer uso de la tecnolog\u00eda fotovoltaica m\u00e1s avanzada. Como es obvio&nbsp;usar\u00eda los <a href=\"http:\/\/database.passivehouse.com\/en\/components\/\" rel=\"nofollow noopener\" target=\"_blank\">elementos&nbsp;certificados passivhaus<\/a> que est\u00e1n disponibles en el mercado. Estos componentes son casi 50% mejores que las soluciones que construimos nosotros mismos, sobre todo&nbsp;las ventanas. Simplificar\u00eda m\u00e1s el sistema de ventilaci\u00f3n y usar\u00eda bombas de calor para calentar. Pero sin duda, construir\u00eda una casa Passivhaus de nuevo. El \u00e9xito est\u00e1 demostrado: aire limpio&nbsp;constante, confort interior constante&nbsp;y costes de calefacci\u00f3n insignificantes.<\/p>\n<h4>\u00bfQu\u00e9 consejo le dar\u00eda a las personas que est\u00e9n interesadas en construir una casa pasiva?<\/h4>\n<p dir=\"wp\">Lo importante&nbsp;es la planificaci\u00f3n! Hay que realizar un c\u00e1lculo <a href=\"http:\/\/passivehouse.com\/04_phpp\/04_phpp.htm\" rel=\"nofollow noopener\" target=\"_blank\">PHPP <\/a>completo (Passive House Planning Package) y debe certificar la planificaci\u00f3n. No cuesta&nbsp;mucho, pero te asegurar\u00e1 que todo funciona como deber\u00eda una vez construido.<\/p>\n<p dir=\"wp\">No dejes que te hablen de costes extra que son caros. Todos los elementos passivhaus&nbsp;est\u00e1n disponibles a precios razonables. Invertir en una Casa Pasiva passivhaus bien planificada no es mucho m\u00e1s caro que invertir en una casa com\u00fan.<\/p>\n<p dir=\"wp\">Aseg\u00farate de que el sistema de ventilaci\u00f3n es simple y que utiliza un&nbsp;equipo de ventilaci\u00f3n certificado. Por el bien de tu salud insiste en filtros de aire de alta calidad.<\/p>\n<p dir=\"wp\">Presta atenci\u00f3n al c\u00e1lculo del confort del PHPP para el verano. Los veranos ser\u00e1n m\u00e1s calurosos en el futuro; Una casa pasiva passivhaus puede planificarse para que se mantenga a una temperatura confortable.<\/p>\n<h4>Fuiste&nbsp;un pionero del Passivhaus pero hoy das clase sobre&nbsp;la construcci\u00f3n de edificios de alta eficiencia energ\u00e9tica en la Universidad de Innsbruck.\u00a1Ha pasado mucho dese entonces!<\/h4>\n<p dir=\"wp\">Mi trabajo de profesor&nbsp;incluye un curso b\u00e1sico de f\u00edsica entre otras cosas &#8211; al fin y al cabo, \u00a1soy f\u00edsico! Eso es muy divertido con los estudiantes. Hoy en d\u00eda, la ciencia constituye la base de nuestra civilizaci\u00f3n, que depende en gran medida de la tecnolog\u00eda; Pero la ciencia tambi\u00e9n tiene un deber cultural: entender d\u00f3nde nosotros como seres humanos encajamos en el cuadro general del cosmos.<\/p>\n<h4>\u00bfD\u00f3nde est\u00e1 el lugar de la humanidad en el cosmos?<\/h4>\n<p dir=\"wp\">Como el astrof\u00edsico Carl Sagan una vez lo expuso de una manera muy bonita: \u00abSomos un camino para que el Cosmos se conozca a s\u00ed mismo\u00bb. debemos responsabilizarnos de este incre\u00edble desarrollo. Es nuestro deber tratar con respeto al planeta y a nuestros semejantes.<\/p>\n<h4>Viaja por todo el mundo por la causa del Pasisvhaus&nbsp;y est\u00e1 constantemente en movimiento. \u00bfPlanea establecerse alg\u00fan d\u00eda en una peque\u00f1a casa pasiva passivhaus en el&nbsp;la costa de un hermoso lago?<\/h4>\n<p dir=\"wp\">\u00abWerd ich zum Augenblicke sagen:<br \/>\nVerweile doch! du bist so sch\u00f6n!\u00bb<\/p>\n<p dir=\"wp\">Johann Wolfgang Goethe reconoci\u00f3 y describi\u00f3 la naturaleza contradictoria del alma humana. Para m\u00ed, la realizaci\u00f3n no consiste&nbsp;en una relajaci\u00f3n pasiva, no por ahora. Disfruto de no parar de aprender; Me gustar\u00eda tener m\u00e1s tiempo para eso y ser\u00eda perfecto estar menos agotado por la rutina diaria. No, no pienso retirarme del bullicio de la vida.<\/p>\n<h4>\u00bfC\u00f3mo te relajas?<\/h4>\n<p dir=\"wp\">Innsbruck se encuentra en medio de las altas monta\u00f1as &#8211; se puede llegar a la cima en un par de horas. Aqu\u00ed arriba, los problemas diarios parecen muy peque\u00f1os.<\/p>\n<h4>\u00bfCu\u00e1les s\u00f3n tus deseos para el futuro?<\/h4>\n<p dir=\"wp\">Continuar con el&nbsp;proceso de auto-realizaci\u00f3n que Ernst Bloch describe con tanta precisi\u00f3n en El Principio de la Esperanza: \u00ab&#8230;which is why we become\u00bb.<\/p>\n<p dir=\"wp\">Los seres humanos han comenzado un&nbsp;proceso de auto-descubrimiento. Hemos hecho progresos sustanciales desde nuestros primeros intentos de usar el fuego, no s\u00f3lo en t\u00e9rminos t\u00e9cnicos sino tambi\u00e9n culturalmente. Nos hemos dado cuenta de que somos una especie &#8211; con s\u00f3lo ligeras diferencias desde el Cabo de Buena Esperanza hasta Alaska. Hemos triunfado en gran medida ante&nbsp;el hambre y la enfermedad y nuestra principal tarea debe ser seguir mejorando en eso. Hemos sido en gran medida capaces de traer la paz a nuestra vida cotidiana &#8211; pero no hemos superado las guerras.<\/p>\n<p dir=\"wp\">Sin embargo, una humanidad que todav\u00eda necesita miles de a\u00f1os para su proceso cognitivo depende de los acuerdos de paz internacionales. Para ello, es clave una comprensi\u00f3n de las preocupaciones y motivaciones de la gente. Debemos destruir las armas nucleares restantes o colocarlas bajo control internacional. Las generaciones actuales deben acabar con la dependencia de las fuentes de energ\u00eda f\u00f3siles. As\u00ed&nbsp;podremos avanzar en el proceso cognitivo, extender nuestra vida en dignidad, multiplicar nuestras posibilidades de comunicaci\u00f3n, aprovechar&nbsp;el sistema solar e incluso nuestras generaciones futuras tendran al alcance la posibilidad de viajar a estrellas distantes.<\/p>\n<h4>\u00bfSon suficientes estos deseos para el futuro?<\/h4>\n<p dir=\"wp\">Bueno, algunas cosas no se pueden entender&nbsp;en la actualidad; Ernst Bloch ten\u00eda raz\u00f3n cuando dijo: \u201c\u2026which is why we become\u201d.<\/p>\n<p dir=\"wp\">Entrevista de Katrin Kr\u00e4mer<\/p>\n<p dir=\"wp\">Traducida por <a href=\"http:\/\/www.papik.cat\">PAPIK Group<\/a>, si ten\u00e9is propuestas para mejorar la traducci\u00f3n no dud\u00e9is en compartirlas con nosotros para que podamos incorporarlas.!<\/p>\n","protected":false},"excerpt":{"rendered":"<p>A continuaci\u00f3n os dejamos la traducci\u00f3n de la entrevista que ha publicado la asociaci\u00f3n internacional Passivhaus. La entrevistadora, Katrin Kr\u00e4mer, pregunta al Dr. Wolfgang Feist, responsable&nbsp;de la primera casa pasiva passivhaus construida hace 25 a\u00f1os. Pod\u00e9is leer la noticia original Aqu\u00ed Han pasado 25 a\u00f1os desde que el Dr. Wolfgang Feist construy\u00f3 el primer edificio &hellip; <a href=\"https:\/\/www.papik.cat\/es\/25-anos-de-la-primera-casa-pasiva-passivhaus\/\">Ver m\u00e1s<\/a><\/p>\n","protected":false},"author":1,"featured_media":4921,"comment_status":"closed","ping_status":"closed","sticky":false,"template":"","format":"standard","meta":{"_acf_changed":false,"footnotes":""},"categories":[40,120,25],"tags":[165,267,268],"class_list":["post-2636","post","type-post","status-publish","format-standard","has-post-thumbnail","hentry","category-casa-pasiva","category-passive-house","category-passivhaus","tag-entrevista","tag-primera-casa-pasiva","tag-wolfgang-feist"],"acf":[],"_links":{"self":[{"href":"https:\/\/www.papik.cat\/es\/wp-json\/wp\/v2\/posts\/2636","targetHints":{"allow":["GET"]}}],"collection":[{"href":"https:\/\/www.papik.cat\/es\/wp-json\/wp\/v2\/posts"}],"about":[{"href":"https:\/\/www.papik.cat\/es\/wp-json\/wp\/v2\/types\/post"}],"author":[{"embeddable":true,"href":"https:\/\/www.papik.cat\/es\/wp-json\/wp\/v2\/users\/1"}],"replies":[{"embeddable":true,"href":"https:\/\/www.papik.cat\/es\/wp-json\/wp\/v2\/comments?post=2636"}],"version-history":[{"count":0,"href":"https:\/\/www.papik.cat\/es\/wp-json\/wp\/v2\/posts\/2636\/revisions"}],"wp:featuredmedia":[{"embeddable":true,"href":"https:\/\/www.papik.cat\/es\/wp-json\/wp\/v2\/media\/4921"}],"wp:attachment":[{"href":"https:\/\/www.papik.cat\/es\/wp-json\/wp\/v2\/media?parent=2636"}],"wp:term":[{"taxonomy":"category","embeddable":true,"href":"https:\/\/www.papik.cat\/es\/wp-json\/wp\/v2\/categories?post=2636"},{"taxonomy":"post_tag","embeddable":true,"href":"https:\/\/www.papik.cat\/es\/wp-json\/wp\/v2\/tags?post=2636"}],"curies":[{"name":"wp","href":"https:\/\/api.w.org\/{rel}","templated":true}]}}