{"id":2686,"date":"2019-11-03T10:42:59","date_gmt":"2019-11-03T09:42:59","guid":{"rendered":"http:\/\/www.papik.cat\/papik-cases-passives-reconocida-por-su-excelencia-empresarial\/"},"modified":"2024-06-20T12:52:39","modified_gmt":"2024-06-20T10:52:39","slug":"papik-cases-passives-reconocida-por-su-excelencia-empresarial","status":"publish","type":"post","link":"https:\/\/www.papik.cat\/es\/papik-cases-passives-reconocida-por-su-excelencia-empresarial\/","title":{"rendered":"PAPIK Group reconocida por su excelencia empresarial"},"content":{"rendered":"<h2>La empresa Papik Casas Pasivas galardonada con el premio premios a la Excelencia Empresarial.<\/h2>\n<p class=\"wp\">La empresa pionera en la construcci\u00f3n de casas pasivas certificadas Passivhaus ubicada en Catalu\u00f1a ha recibido el galard\u00f3n a la excelencia empresarial en la categor\u00eda a la innovaci\u00f3n en la construcci\u00f3n.<\/p>\n<p class=\"wp\">El acto celebrado en la sede de Fomento del trabajo el pasado mi\u00e9rcoles 30 de octubre por la noche, ha galardonado 21 empresas de diferentes sectores, desde la seguridad inform\u00e1tica en la construcci\u00f3n de casas. Todas las empresas destacan por su innovaci\u00f3n constante y el compromiso con el crecimiento de la industria. La distinci\u00f3n, liderada por el diario econ\u00f3mico El Economista, ha contado con el apoyo de Fomento del trabajo, lo ha conducido la presentadora de televisi\u00f3n Elsa Anka acompa\u00f1ada del economista Jos\u00e9 Mar\u00eda Gay de Li\u00e9bana, que ha sido el encargado de otorgar los galardones. Tambi\u00e9n han participado de la entrega de premios, Pablo Cano, Consejero delegado de Editorial Ecoprensa, que ha hecho el discurso inaugural y El empresario Josep S\u00e1nchez Llibre, presidente de fomento del trabajo ha hecho el discurso de clausura valorando las empresas premiadas.<\/p>\n<p class=\"wp\">Papik Fisas, gerente de Papik Casas Pasivas, ha querido aprovechar el discurso de agradecimiento para recordar que la situaci\u00f3n de emergencia clim\u00e1tica en la que nos encontramos necesita soluciones pioneras y que rompan con los viejos esquemas, como por ejemplo las casas capaces de generar m\u00e1s energ\u00eda de la que consumen. Las casas del futuro, que desde Papik Casas Pasivas, ya estamos haciendo realidad.<\/p>\n<p class=\"wp\"><img fetchpriority=\"high\" decoding=\"async\" class=\"aligncenter wp-image-7625 size-blog-post-thumb\" src=\"http:\/\/www.papik.cat\/wp-content\/uploads\/2020\/01\/whatsapp-image-2019-10-30-at-224247-1.jpeg\" alt=\"premi eleconomista papik cases passivas - premios a la Excelencia Empresarial\" width=\"750\" height=\"500\" \/><\/p>\n<p class=\"wp\">Este reconocimiento se suma a las recientes noticias que corroboran que el sector de la construcci\u00f3n de alta eficiencia energ\u00e9tica est\u00e1 en crecimiento y que Papik Casas Pasivas es un referente, por ejemplo con la reciente <a href=\"https:\/\/www.papik.cat\/es\/inauguracion-de-la-primera-casa-pasiva-certificada-passivhaus-de-sant-cugat-del-valles\/\">inauguraci\u00f3n de la primera casa certificada Passivhaus de Sant Cugat del Vall\u00e8s<\/a> en la que la alcaldesa mostr\u00f3 su inter\u00e9s por este tipo de construcciones.<\/p>\n","protected":false},"excerpt":{"rendered":"<p>La empresa Papik Casas Pasivas galardonada con el premio premios a la Excelencia Empresarial. La empresa pionera en la construcci\u00f3n de casas pasivas certificadas Passivhaus ubicada en Catalu\u00f1a ha recibido el galard\u00f3n a la excelencia empresarial en la categor\u00eda a la innovaci\u00f3n en la construcci\u00f3n. El acto celebrado en la sede de Fomento del trabajo &hellip; <a href=\"https:\/\/www.papik.cat\/es\/papik-cases-passives-reconocida-por-su-excelencia-empresarial\/\">Ver m\u00e1s<\/a><\/p>\n","protected":false},"author":1,"featured_media":2687,"comment_status":"closed","ping_status":"closed","sticky":false,"template":"","format":"standard","meta":{"_acf_changed":false,"footnotes":""},"categories":[292,16],"tags":[110,203,286],"class_list":["post-2686","post","type-post","status-publish","format-standard","has-post-thumbnail","hentry","category-premsa-es","category-prensa","tag-premios-casa-pasiva","tag-premis","tag-premis-es"],"acf":[],"_links":{"self":[{"href":"https:\/\/www.papik.cat\/es\/wp-json\/wp\/v2\/posts\/2686","targetHints":{"allow":["GET"]}}],"collection":[{"href":"https:\/\/www.papik.cat\/es\/wp-json\/wp\/v2\/posts"}],"about":[{"href":"https:\/\/www.papik.cat\/es\/wp-json\/wp\/v2\/types\/post"}],"author":[{"embeddable":true,"href":"https:\/\/www.papik.cat\/es\/wp-json\/wp\/v2\/users\/1"}],"replies":[{"embeddable":true,"href":"https:\/\/www.papik.cat\/es\/wp-json\/wp\/v2\/comments?post=2686"}],"version-history":[{"count":0,"href":"https:\/\/www.papik.cat\/es\/wp-json\/wp\/v2\/posts\/2686\/revisions"}],"wp:featuredmedia":[{"embeddable":true,"href":"https:\/\/www.papik.cat\/es\/wp-json\/wp\/v2\/media\/2687"}],"wp:attachment":[{"href":"https:\/\/www.papik.cat\/es\/wp-json\/wp\/v2\/media?parent=2686"}],"wp:term":[{"taxonomy":"category","embeddable":true,"href":"https:\/\/www.papik.cat\/es\/wp-json\/wp\/v2\/categories?post=2686"},{"taxonomy":"post_tag","embeddable":true,"href":"https:\/\/www.papik.cat\/es\/wp-json\/wp\/v2\/tags?post=2686"}],"curies":[{"name":"wp","href":"https:\/\/api.w.org\/{rel}","templated":true}]}}