{"id":2701,"date":"2022-03-15T11:05:49","date_gmt":"2022-03-15T10:05:49","guid":{"rendered":"http:\/\/www.papik.cat\/jornada-de-puertas-abiertas-en-llinars-del-valles\/"},"modified":"2022-03-15T11:05:49","modified_gmt":"2022-03-15T10:05:49","slug":"jornada-de-puertas-abiertas-en-llinars-del-valles","status":"publish","type":"post","link":"https:\/\/www.papik.cat\/es\/jornada-de-puertas-abiertas-en-llinars-del-valles\/","title":{"rendered":"Jornada de puertas abiertas en Llinars del Vall\u00e8s"},"content":{"rendered":"<p>El pr\u00f3ximo s\u00e1bado 19 de marzo, d\u00eda de los carpinteros, a las 11 h PAPIK Group abre las puertas de la primera Casa Pasiva de Llinars del Vall\u00e8s certificada Passivhaus en proceso de construcci\u00f3n. Ven a descubrir qu\u00e9 significa vivir en las casas del futuro, sin hipoteca energ\u00e9tica, con gran confort, con una alta eficiencia energ\u00e9tica y construidas con materiales sostenibles y de gran calidad.<\/p>\n<p>Una vez terminada la charla, a las 13h haremos un acto inaugural con la presencia del ilustr\u00edsimo alcalde, Mart\u00ed Pujol, donde explicaremos qu\u00e9 beneficios tienen estas infraestructuras para el municipio y su entorno.<\/p>\n<ul>\n<li>\u00bfQu\u00e9 es el Passivhaus? \u00bfC\u00f3mo se logra? \u00bfQu\u00e9 precio tiene?<\/li>\n<li>\u00bfQu\u00e9 ahorro econ\u00f3mico supone? \u00bfCu\u00e1ndo se amortiza?<\/li>\n<li>\u00bfCu\u00e1nto se tarda en construir una casa Pasiva?<\/li>\n<li>\u00bfEn qu\u00e9 se diferencia de una vivienda de obra tradicional?<\/li>\n<\/ul>\n<p>&#x1f4c5; S\u00e1bado 19 de marzo.<\/br><br \/>\n&#x1f55a; 11:00 h Visita y charla<\/br><br \/>\n&#x1f55a; 13 h Inauguraci\u00f3n y entrega del galard\u00f3n <i>Municipis Passivhaus<\/i><\/br><br \/>\n&#x1f4cd; Llinars del Vall\u00e8s (una vez inscrito te daremos la direcci\u00f3n exacta)<\/br>\n<\/p>\n<p><\/br><\/p>\n<p>Ven y podr\u00e1s ver un ejemplo en proceso de construcci\u00f3n desde dentro y resolver dudas sobre las casas del futuro.<\/p>\n<p>La visita y charla son gratuitas, para participar es necesario realizar inscripci\u00f3n previa.<\/p>\n<p>Plazas limitadas, reserva plaza inscribi\u00e9ndote en <a href=\"\/?page_id=9465\">papik.cat\/inscripcio-xerrada<\/a><\/p>\n","protected":false},"excerpt":{"rendered":"<p>El pr\u00f3ximo s\u00e1bado 19 de marzo, d\u00eda de los carpinteros, a las 11 h PAPIK Group abre las puertas de la primera Casa Pasiva de Llinars del Vall\u00e8s certificada Passivhaus en proceso de construcci\u00f3n. Ven a descubrir qu\u00e9 significa vivir en las casas del futuro, sin hipoteca energ\u00e9tica, con gran confort, con una alta eficiencia &hellip; <a href=\"https:\/\/www.papik.cat\/es\/jornada-de-puertas-abiertas-en-llinars-del-valles\/\">Ver m\u00e1s<\/a><\/p>\n","protected":false},"author":1,"featured_media":2696,"comment_status":"closed","ping_status":"closed","sticky":false,"template":"","format":"standard","meta":{"_acf_changed":false,"footnotes":""},"categories":[40,16],"tags":[29],"class_list":["post-2701","post","type-post","status-publish","format-standard","has-post-thumbnail","hentry","category-casa-pasiva","category-prensa","tag-passivhaus"],"acf":[],"_links":{"self":[{"href":"https:\/\/www.papik.cat\/es\/wp-json\/wp\/v2\/posts\/2701","targetHints":{"allow":["GET"]}}],"collection":[{"href":"https:\/\/www.papik.cat\/es\/wp-json\/wp\/v2\/posts"}],"about":[{"href":"https:\/\/www.papik.cat\/es\/wp-json\/wp\/v2\/types\/post"}],"author":[{"embeddable":true,"href":"https:\/\/www.papik.cat\/es\/wp-json\/wp\/v2\/users\/1"}],"replies":[{"embeddable":true,"href":"https:\/\/www.papik.cat\/es\/wp-json\/wp\/v2\/comments?post=2701"}],"version-history":[{"count":0,"href":"https:\/\/www.papik.cat\/es\/wp-json\/wp\/v2\/posts\/2701\/revisions"}],"wp:featuredmedia":[{"embeddable":true,"href":"https:\/\/www.papik.cat\/es\/wp-json\/wp\/v2\/media\/2696"}],"wp:attachment":[{"href":"https:\/\/www.papik.cat\/es\/wp-json\/wp\/v2\/media?parent=2701"}],"wp:term":[{"taxonomy":"category","embeddable":true,"href":"https:\/\/www.papik.cat\/es\/wp-json\/wp\/v2\/categories?post=2701"},{"taxonomy":"post_tag","embeddable":true,"href":"https:\/\/www.papik.cat\/es\/wp-json\/wp\/v2\/tags?post=2701"}],"curies":[{"name":"wp","href":"https:\/\/api.w.org\/{rel}","templated":true}]}}