{"id":2707,"date":"2023-09-19T11:15:31","date_gmt":"2023-09-19T09:15:31","guid":{"rendered":"http:\/\/www.papik.cat\/jornada-de-puertas-abiertas-en-valldor\/"},"modified":"2024-06-20T12:50:44","modified_gmt":"2024-06-20T10:50:44","slug":"jornada-de-puertas-abiertas-en-valldor","status":"publish","type":"post","link":"https:\/\/www.papik.cat\/es\/jornada-de-puertas-abiertas-en-valldor\/","title":{"rendered":"Jornada de puertas abiertas en Vall d&#8217;Or"},"content":{"rendered":"<p>El pr\u00f3ximo viernes 22 de septiembre, a las 17:30 h, Papik abre las puertas de la primera Casa Eskimohaus certificada Passivhaus Plus de Valldoreix. Apuntado a la jornada para descubrir qu\u00e9 significa vivir en las casas del futuro, sin hipoteca energ\u00e9tica, con gran confort, con alta eficiencia energ\u00e9tica y construidas con materiales sostenibles y de gran calidad.<\/p>\n<p>El acto se iniciar\u00e1 con la presencia del ilustr\u00edsimo presidente de la EMD de Valldoreix, Juanjo Cort\u00e9s, donde se entregar\u00e1 el galard\u00f3n municipispassivhaus.cat<\/p>\n<ul>\n<li>\u00bfQu\u00e9 es el Passivhaus? \u00bfCu\u00e1l es su origen?<\/li>\n<li>\u00bfC\u00f3mo se consigue? \u00bfQu\u00e9 precio tiene? \u00bfQu\u00e9 ahorro econ\u00f3mico supone? \u00bfCu\u00e1ndo se amortiza?<\/li>\n<li>\u00bfCu\u00e1nto se tarda en construir una casa Pasiva?<\/li>\n<li>\u00bfQu\u00e9 es una casa Eskimohaus? \u00bfEn qu\u00e9 se diferencia de una vivienda de obra tradicional?<\/li>\n<\/ul>\n<p>&#x1f4c5; viernes 22 de septiembre.<br \/>\n&#x1f55a; 17:30 h<br \/>\n&#x1f4cd; Valldoreix (una vez inscrito te daremos la direcci\u00f3n exacta)\n<\/p>\n<p>&nbsp;<\/p>\n<p>Ven y podr\u00e1s ver una casa pasiva ya terminada y resolver dudas sobre las casas del futuro.<\/p>\n<p>La visita y charla son gratuitas, para participar es necesario realizar inscripci\u00f3n previa.<\/p>\n<p>Plazas limitadas, reserva plaza inscribi\u00e9ndote en <a href=\"\/?page_id=9465\">papik.cat\/inscripcio-charla<\/a><\/p>\n","protected":false},"excerpt":{"rendered":"<p>El pr\u00f3ximo viernes 22 de septiembre, a las 17:30 h, Papik abre las puertas de la primera Casa Eskimohaus certificada Passivhaus Plus de Valldoreix. Apuntado a la jornada para descubrir qu\u00e9 significa vivir en las casas del futuro, sin hipoteca energ\u00e9tica, con gran confort, con alta eficiencia energ\u00e9tica y construidas con materiales sostenibles y de &hellip; <a href=\"https:\/\/www.papik.cat\/es\/jornada-de-puertas-abiertas-en-valldor\/\">Ver m\u00e1s<\/a><\/p>\n","protected":false},"author":1,"featured_media":2401,"comment_status":"closed","ping_status":"closed","sticky":false,"template":"","format":"standard","meta":{"_acf_changed":false,"footnotes":""},"categories":[224,25,219],"tags":[29,289],"class_list":["post-2707","post","type-post","status-publish","format-standard","has-post-thumbnail","hentry","category-casa-passiva","category-passivhaus","category-premsa","tag-passivhaus","tag-portes-obertes"],"acf":[],"_links":{"self":[{"href":"https:\/\/www.papik.cat\/es\/wp-json\/wp\/v2\/posts\/2707","targetHints":{"allow":["GET"]}}],"collection":[{"href":"https:\/\/www.papik.cat\/es\/wp-json\/wp\/v2\/posts"}],"about":[{"href":"https:\/\/www.papik.cat\/es\/wp-json\/wp\/v2\/types\/post"}],"author":[{"embeddable":true,"href":"https:\/\/www.papik.cat\/es\/wp-json\/wp\/v2\/users\/1"}],"replies":[{"embeddable":true,"href":"https:\/\/www.papik.cat\/es\/wp-json\/wp\/v2\/comments?post=2707"}],"version-history":[{"count":0,"href":"https:\/\/www.papik.cat\/es\/wp-json\/wp\/v2\/posts\/2707\/revisions"}],"wp:featuredmedia":[{"embeddable":true,"href":"https:\/\/www.papik.cat\/es\/wp-json\/wp\/v2\/media\/2401"}],"wp:attachment":[{"href":"https:\/\/www.papik.cat\/es\/wp-json\/wp\/v2\/media?parent=2707"}],"wp:term":[{"taxonomy":"category","embeddable":true,"href":"https:\/\/www.papik.cat\/es\/wp-json\/wp\/v2\/categories?post=2707"},{"taxonomy":"post_tag","embeddable":true,"href":"https:\/\/www.papik.cat\/es\/wp-json\/wp\/v2\/tags?post=2707"}],"curies":[{"name":"wp","href":"https:\/\/api.w.org\/{rel}","templated":true}]}}