{"id":3700,"date":"2024-03-14T14:22:13","date_gmt":"2024-03-14T13:22:13","guid":{"rendered":"https:\/\/www.papik.cat\/inauguracion-y-puertas-abiertas-a-mira-sol\/"},"modified":"2024-06-20T12:08:46","modified_gmt":"2024-06-20T10:08:46","slug":"inauguracion-y-puertas-abiertas-en-mira-sol","status":"publish","type":"post","link":"https:\/\/www.papik.cat\/es\/inauguracion-y-puertas-abiertas-en-mira-sol\/","title":{"rendered":"Inauguraci\u00f3n y puertas abiertas en Mira-sol"},"content":{"rendered":"<p class=\"wp\">\u00bfQuieres visitar una casa sostenible y conocer de primera mano como lo hemos hecho y como podr\u00edamos hacer realidad la tuya?<\/p>\n<p class=\"wp\">Si est\u00e1s pensando en hacerte una casa, esta es una oportunidad inmejorable para descubrir que supone hacerse una casa a medida y de muy alta eficiencia energ\u00e9tica.<\/p>\n<p class=\"wp\">Descubre qu\u00e9 significa la ventilaci\u00f3n cruzada, la certificaci\u00f3n Passivhaus, la hipoteca energ\u00e9tica, aerotermia&#8230;<\/p>\n<p class=\"wp\">Una charla para aquellas personas sin conocimientos t\u00e9cnicos que quieren aprender los conceptos esenciales para iniciar su proyecto, una \u00abmasterclass\u00bb gratuita que te servir\u00e1 de punto de partida para poder hacer de tu futura casa una casa sostenible y de muy alta eficiencia energ\u00e9tica.<\/p>\n<p class=\"wp\">Ap\u00fantate y ven:<\/p>\n<p class=\"wp\">???? Este viernes 22 de marzo<br \/>\n???? A las 17h<br \/>\n???? Mira-sol (Sant Cugat del Vall\u00e8s)<br \/>\nPlazas limitadas<br \/>\nInscripciones en: <a href=\"https:\/\/papik.cat\/xerrada\" rel=\"nofollow noopener\" target=\"_blank\">https:\/\/papik.cat\/xerrada<\/a><\/p>\n","protected":false},"excerpt":{"rendered":"<p>Abrimos las inscripciones para la charla que haremos durante la inauguraci\u00f3n de la casa de Mira-sol, \u00bfte apuntas?<\/p>\n","protected":false},"author":1,"featured_media":5022,"comment_status":"closed","ping_status":"closed","sticky":false,"template":"","format":"standard","meta":{"_acf_changed":false,"footnotes":""},"categories":[291,292],"tags":[318,293],"class_list":["post-3700","post","type-post","status-publish","format-standard","has-post-thumbnail","hentry","category-casa-passiva-es","category-premsa-es","tag-inauguracion","tag-portes-obertes-es"],"acf":[],"_links":{"self":[{"href":"https:\/\/www.papik.cat\/es\/wp-json\/wp\/v2\/posts\/3700","targetHints":{"allow":["GET"]}}],"collection":[{"href":"https:\/\/www.papik.cat\/es\/wp-json\/wp\/v2\/posts"}],"about":[{"href":"https:\/\/www.papik.cat\/es\/wp-json\/wp\/v2\/types\/post"}],"author":[{"embeddable":true,"href":"https:\/\/www.papik.cat\/es\/wp-json\/wp\/v2\/users\/1"}],"replies":[{"embeddable":true,"href":"https:\/\/www.papik.cat\/es\/wp-json\/wp\/v2\/comments?post=3700"}],"version-history":[{"count":0,"href":"https:\/\/www.papik.cat\/es\/wp-json\/wp\/v2\/posts\/3700\/revisions"}],"wp:featuredmedia":[{"embeddable":true,"href":"https:\/\/www.papik.cat\/es\/wp-json\/wp\/v2\/media\/5022"}],"wp:attachment":[{"href":"https:\/\/www.papik.cat\/es\/wp-json\/wp\/v2\/media?parent=3700"}],"wp:term":[{"taxonomy":"category","embeddable":true,"href":"https:\/\/www.papik.cat\/es\/wp-json\/wp\/v2\/categories?post=3700"},{"taxonomy":"post_tag","embeddable":true,"href":"https:\/\/www.papik.cat\/es\/wp-json\/wp\/v2\/tags?post=3700"}],"curies":[{"name":"wp","href":"https:\/\/api.w.org\/{rel}","templated":true}]}}