{"id":6950,"date":"2025-04-29T17:24:07","date_gmt":"2025-04-29T15:24:07","guid":{"rendered":"https:\/\/www.papik.cat\/?p=6950"},"modified":"2025-05-06T14:59:55","modified_gmt":"2025-05-06T12:59:55","slug":"tres-casas-que-tenian-electricidad-en-el-apagon-de-2025","status":"publish","type":"post","link":"https:\/\/www.papik.cat\/es\/tres-casas-que-tenian-electricidad-en-el-apagon-de-2025\/","title":{"rendered":"Cuando todo se apag\u00f3, tres casas siguieron encendidas"},"content":{"rendered":"\n<p>El pasado 28 de abril, un apag\u00f3n el\u00e9ctrico dej\u00f3 sin suministro a millones de hogares en la Pen\u00ednsula Ib\u00e9rica. Durante horas, la incertidumbre recorri\u00f3 ciudades y pueblos, y nos record\u00f3 lo fr\u00e1gil que puede ser todo cuando dependemos por completo de un sistema centralizado.<\/p>\n\n\n\n<p>Pero no todo se apag\u00f3.<\/p>\n\n\n\n<p>En medio del silencio energ\u00e9tico, <strong>tres casas construidas por PAPIK Group siguieron con la luz encendida, con agua caliente, con confort t\u00e9rmico, con vida normal<\/strong>. Porque estas casas no dependen de la red el\u00e9ctrica. No necesitan enchufarse a ning\u00fan sistema para funcionar. Lo hacen solas. Cada d\u00eda. Todo el a\u00f1o. Incluso en d\u00edas como ese.<\/p>\n\n\n\n<p>Lo que ocurri\u00f3 el 28 de abril no es un milagro. Es arquitectura bien hecha, con cabeza y coraz\u00f3n. Es eficiencia, sostenibilidad y sentido com\u00fan.<\/p>\n\n\n\n<p>Las protagonistas son tres viviendas \u00fanicas:<\/p>\n\n\n\n<h3 class=\"wp-block-heading\">K-Llavaneres (2014) \u2013 El origen de todo<\/h3>\n\n\n\n<figure class=\"wp-block-image size-full\"><img fetchpriority=\"high\" decoding=\"async\" width=\"838\" height=\"707\" src=\"https:\/\/www.papik.cat\/wp-content\/uploads\/2025\/04\/f09.jpg\" alt=\"\" class=\"wp-image-6951\" srcset=\"https:\/\/www.papik.cat\/wp-content\/uploads\/2025\/04\/f09.jpg 838w, https:\/\/www.papik.cat\/wp-content\/uploads\/2025\/04\/f09-300x253.jpg 300w, https:\/\/www.papik.cat\/wp-content\/uploads\/2025\/04\/f09-768x648.jpg 768w\" sizes=\"(max-width: 838px) 100vw, 838px\" \/><\/figure>\n\n\n\n<p>En Sant Andreu de Llavaneres, esta casa fue un antes y un despu\u00e9s. Construida hace m\u00e1s de una d\u00e9cada, en un momento en el que hablar de \u201ccasa autosuficiente\u201d sonaba a utop\u00eda, <strong>K-Llavaneres demostr\u00f3 que era posible vivir sin red el\u00e9ctrica<\/strong>.<\/p>\n\n\n\n<p>Con 198 m\u00b2 de superficie \u00fatil, est\u00e1 dise\u00f1ada siguiendo los principios del est\u00e1ndar Passivhaus y construida con nuestro sistema <strong>Eskimohaus<\/strong>, que permite conservar el calor en invierno y el frescor en verano sin apenas consumo.<\/p>\n\n\n\n<p>Se alimenta de paneles solares y funciona con un sistema de bater\u00edas que almacena la energ\u00eda para toda la jornada. A d\u00eda de hoy, sigue funcionando exactamente igual que el primer d\u00eda. Una veterana resiliente que ya entonces se adelant\u00f3 al futuro.<\/p>\n\n\n\n<p>\ud83d\udd17 <a class=\"\" href=\"https:\/\/www.papik.cat\/es\/proyectos\/llavaneras\/\">Ver m\u00e1s sobre el proyecto<\/a><\/p>\n\n\n\n<p><\/p>\n\n\n\n<h3 class=\"wp-block-heading\">K-Codines (2019) \u2013 La autosuficiencia urbana<\/h3>\n\n\n\n<figure class=\"wp-block-image size-large\"><img decoding=\"async\" width=\"1024\" height=\"690\" src=\"https:\/\/www.papik.cat\/wp-content\/uploads\/2025\/04\/codines-13-gespa-1024x690.jpg\" alt=\"\" class=\"wp-image-6953\" srcset=\"https:\/\/www.papik.cat\/wp-content\/uploads\/2025\/04\/codines-13-gespa-1024x690.jpg 1024w, https:\/\/www.papik.cat\/wp-content\/uploads\/2025\/04\/codines-13-gespa-300x202.jpg 300w, https:\/\/www.papik.cat\/wp-content\/uploads\/2025\/04\/codines-13-gespa-768x517.jpg 768w, https:\/\/www.papik.cat\/wp-content\/uploads\/2025\/04\/codines-13-gespa-1536x1035.jpg 1536w, https:\/\/www.papik.cat\/wp-content\/uploads\/2025\/04\/codines-13-gespa-2048x1380.jpg 2048w\" sizes=\"(max-width: 1024px) 100vw, 1024px\" \/><\/figure>\n\n\n\n<p>Situada en Sant Feliu de Codines, esta casa de 212,75 m\u00b2 est\u00e1 dentro de n\u00facleo urbano, pero su esp\u00edritu es completamente independiente.<\/p>\n\n\n\n<p>El dise\u00f1o bioclim\u00e1tico, la orientaci\u00f3n al sur, los voladizos, las persianas orientables y el aislamiento de alta eficiencia permiten vivir con un confort t\u00e9rmico excelente, <strong>sin necesidad de climatizaci\u00f3n tradicional<\/strong>.<\/p>\n\n\n\n<p>Pero lo m\u00e1s singular son sus bater\u00edas. En lugar de usar litio, optaron por <strong>bater\u00edas de plomo<\/strong>, m\u00e1s voluminosas pero infinitamente m\u00e1s reciclables y sostenibles. No tienen tierras raras ni componentes t\u00f3xicos dif\u00edciles de tratar. Una decisi\u00f3n consciente, que demuestra que la sostenibilidad tambi\u00e9n est\u00e1 en los peque\u00f1os detalles.<\/p>\n\n\n\n<p>\ud83d\udd17 <a class=\"\" href=\"https:\/\/www.papik.cat\/es\/proyectos\/k-codines\/\">Desc\u00fabrela aqu\u00ed<\/a><\/p>\n\n\n\n<p><\/p>\n\n\n\n<h3 class=\"wp-block-heading\">K-Valld\u2019Or (2023) \u2013 El presente que ya vive en el futuro<\/h3>\n\n\n\n<figure class=\"wp-block-image size-large\"><img decoding=\"async\" width=\"1024\" height=\"977\" src=\"https:\/\/www.papik.cat\/wp-content\/uploads\/2025\/04\/mg-3818-web-1024x977.jpg\" alt=\"\" class=\"wp-image-6955\" srcset=\"https:\/\/www.papik.cat\/wp-content\/uploads\/2025\/04\/mg-3818-web-1024x977.jpg 1024w, https:\/\/www.papik.cat\/wp-content\/uploads\/2025\/04\/mg-3818-web-300x286.jpg 300w, https:\/\/www.papik.cat\/wp-content\/uploads\/2025\/04\/mg-3818-web-768x733.jpg 768w, https:\/\/www.papik.cat\/wp-content\/uploads\/2025\/04\/mg-3818-web.jpg 1350w\" sizes=\"(max-width: 1024px) 100vw, 1024px\" \/><\/figure>\n\n\n\n<p>La \u00faltima en llegar y, quiz\u00e1s, la m\u00e1s avanzada. ubicada en Valldoreix, dentro del municipio de Sant Cugat del Vall\u00e8s, construimos una casa de 280 m\u00b2 rodeada de vegetaci\u00f3n y tranquilidad, pensada para <strong>generar cero emisiones<\/strong> y ser totalmente aut\u00f3noma.<\/p>\n\n\n\n<p>Incluye sistemas de <strong>aerotermia<\/strong> para la climatizaci\u00f3n, <strong>ventilaci\u00f3n mec\u00e1nica con recuperaci\u00f3n de calor<\/strong>, <strong>bater\u00edas de \u00faltima generaci\u00f3n<\/strong>, y un dise\u00f1o arquitect\u00f3nico que combina belleza con rendimiento energ\u00e9tico. Aqu\u00ed no hay azar: cada ventana, cada sombra, cada cent\u00edmetro de aislamiento est\u00e1 calculado para que funcione en armon\u00eda.<\/p>\n\n\n\n<p>El resultado: una casa que no solo resiste apagones. <strong>Una casa que cuida de quienes viven dentro.<\/strong><\/p>\n\n\n\n<p>\ud83d\udd17 <a class=\"\" href=\"https:\/\/www.papik.cat\/es\/proyectos\/k-valldor\/\">M\u00e1s detalles del proyecto<\/a><\/p>\n\n\n\n<h2 class=\"wp-block-heading\">M\u00e1s all\u00e1 de la arquitectura: un nuevo modelo energ\u00e9tico<\/h2>\n\n\n\n<p>En PAPIK Group no construimos solo casas. <strong>Dise\u00f1amos refugios energ\u00e9ticos<\/strong>. Espacios que te protegen de lo que pasa fuera, que respiran contigo, que consumen menos y producen m\u00e1s. Viviendas pensadas para vivir mejor hoy, y preparadas para el ma\u00f1ana.<\/p>\n\n\n\n<p>Y lo m\u00e1s importante: esto <strong>no es exclusivo ni inalcanzable<\/strong>. Este modelo se puede aplicar a cualquier nueva construcci\u00f3n y adaptarse a diferentes presupuestos. La tecnolog\u00eda ya existe. Solo falta voluntad de hacer las cosas bien.<\/p>\n\n\n\n<h2 class=\"wp-block-heading\">\u00bfY si el futuro empieza por casa?<\/h2>\n\n\n\n<p>El apag\u00f3n nos record\u00f3 nuestra dependencia energ\u00e9tica y nos mostr\u00f3 que <strong>hay otra manera de vivir<\/strong>. Que las casas pueden ser autosuficientes. Que no hace falta esperar 20 a\u00f1os m\u00e1s para construir como deber\u00edamos haber empezado ya. <\/p>\n\n\n\n<p>M\u00e1s sostenibilidad, m\u00e1s futuro.<\/p>\n\n\n\n<p><\/p>\n","protected":false},"excerpt":{"rendered":"<p>Tres casas que no se quedaron sin electricidad en el gran  apag\u00f3n de la pen\u00ednsula de 2025<\/p>\n","protected":false},"author":3,"featured_media":6955,"comment_status":"closed","ping_status":"closed","sticky":false,"template":"","format":"standard","meta":{"_acf_changed":false,"footnotes":""},"categories":[51,377,60,47],"tags":[417,419,418],"class_list":["post-6950","post","type-post","status-publish","format-standard","has-post-thumbnail","hentry","category-casa-pasiva-es","category-curiosidades-es-2","category-energia-es","category-tecnologia-es","tag-apagon","tag-apagon-2025","tag-corte-luz"],"acf":[],"_links":{"self":[{"href":"https:\/\/www.papik.cat\/es\/wp-json\/wp\/v2\/posts\/6950","targetHints":{"allow":["GET"]}}],"collection":[{"href":"https:\/\/www.papik.cat\/es\/wp-json\/wp\/v2\/posts"}],"about":[{"href":"https:\/\/www.papik.cat\/es\/wp-json\/wp\/v2\/types\/post"}],"author":[{"embeddable":true,"href":"https:\/\/www.papik.cat\/es\/wp-json\/wp\/v2\/users\/3"}],"replies":[{"embeddable":true,"href":"https:\/\/www.papik.cat\/es\/wp-json\/wp\/v2\/comments?post=6950"}],"version-history":[{"count":3,"href":"https:\/\/www.papik.cat\/es\/wp-json\/wp\/v2\/posts\/6950\/revisions"}],"predecessor-version":[{"id":6971,"href":"https:\/\/www.papik.cat\/es\/wp-json\/wp\/v2\/posts\/6950\/revisions\/6971"}],"wp:featuredmedia":[{"embeddable":true,"href":"https:\/\/www.papik.cat\/es\/wp-json\/wp\/v2\/media\/6955"}],"wp:attachment":[{"href":"https:\/\/www.papik.cat\/es\/wp-json\/wp\/v2\/media?parent=6950"}],"wp:term":[{"taxonomy":"category","embeddable":true,"href":"https:\/\/www.papik.cat\/es\/wp-json\/wp\/v2\/categories?post=6950"},{"taxonomy":"post_tag","embeddable":true,"href":"https:\/\/www.papik.cat\/es\/wp-json\/wp\/v2\/tags?post=6950"}],"curies":[{"name":"wp","href":"https:\/\/api.w.org\/{rel}","templated":true}]}}