{"id":8151,"date":"2025-10-13T12:56:29","date_gmt":"2025-10-13T10:56:29","guid":{"rendered":"https:\/\/www.papik.cat\/una-casa-sostenible-en-las-faldas-del-montseny\/"},"modified":"2025-10-13T13:13:35","modified_gmt":"2025-10-13T11:13:35","slug":"una-casa-sostenible-en-las-faldas-del-montseny","status":"publish","type":"post","link":"https:\/\/www.papik.cat\/es\/una-casa-sostenible-en-las-faldas-del-montseny\/","title":{"rendered":"Una casa sostenible en las faldas del Montseny"},"content":{"rendered":"\n<h2 class=\"wp-block-heading\">Os presentamos una de las \u00faltimas casas sostenible y pasiva que hemos hecho realidad este a\u00f1o 2025. <\/h2>\n\n<figure class=\"wp-block-image size-large\"><img fetchpriority=\"high\" decoding=\"async\" width=\"1024\" height=\"747\" src=\"https:\/\/www.papik.cat\/wp-content\/uploads\/2025\/09\/0211b-web-1024x747.jpg\" alt=\"Proyecto de casa de madera pasiva con confort y dise&#xF1;o.\" class=\"wp-image-8039\" srcset=\"https:\/\/www.papik.cat\/wp-content\/uploads\/2025\/09\/0211b-web-1024x747.jpg 1024w, https:\/\/www.papik.cat\/wp-content\/uploads\/2025\/09\/0211b-web-300x219.jpg 300w, https:\/\/www.papik.cat\/wp-content\/uploads\/2025\/09\/0211b-web-768x560.jpg 768w, https:\/\/www.papik.cat\/wp-content\/uploads\/2025\/09\/0211b-web-1536x1121.jpg 1536w, https:\/\/www.papik.cat\/wp-content\/uploads\/2025\/09\/0211b-web.jpg 1920w\" sizes=\"(max-width: 1024px) 100vw, 1024px\" \/><\/figure>\n\n<p>Acabamos de publicar en nuestra secci\u00f3n de <a href=\"https:\/\/www.papik.cat\/es\/proyectos\/k-alzina\/\" data-type=\"projecte\" data-id=\"8031\">proyectos realizados<\/a> K-Alzina, una casa sostenible de unos 180 m\u00b2 ubicada en las faldas del Montseny. Construida con materiales naturales, sostenibles y con estructura de madera de entramado ligero con la que hemos levantado dos plantas que responden a las necesidades de nuestros clientes.<\/p>\n\n<p>El dise\u00f1o arquitect\u00f3nico, a cargo del despacho especialista en casas pasivas Arquitir, dise\u00f1\u00f3 una casa sostenible en forma de L para generar espacios llenos de calor, minimizando las vistas a las casas vecinas y resguardados del viento.<\/p>\n\n<figure class=\"wp-block-image size-large\"><img decoding=\"async\" width=\"1024\" height=\"670\" src=\"https:\/\/www.papik.cat\/wp-content\/uploads\/2025\/09\/mg-1342-web-1024x670.jpg\" alt=\"Casa sostenible en el Vall&#xE8;s Oriental con interiores modernos.\" class=\"wp-image-8095\" srcset=\"https:\/\/www.papik.cat\/wp-content\/uploads\/2025\/09\/mg-1342-web-1024x670.jpg 1024w, https:\/\/www.papik.cat\/wp-content\/uploads\/2025\/09\/mg-1342-web-300x196.jpg 300w, https:\/\/www.papik.cat\/wp-content\/uploads\/2025\/09\/mg-1342-web-768x503.jpg 768w, https:\/\/www.papik.cat\/wp-content\/uploads\/2025\/09\/mg-1342-web-1536x1006.jpg 1536w, https:\/\/www.papik.cat\/wp-content\/uploads\/2025\/09\/mg-1342-web.jpg 1920w\" sizes=\"(max-width: 1024px) 100vw, 1024px\" \/><\/figure>\n\n<p>Los clientes, personas con una gran conciencia ecol\u00f3gica, valoraban la sostenibilidad, la construcci\u00f3n responsable y el cuidado del medio ambiente y quer\u00edan que su casa siguiera sus valores, contribuyendo a un entorno m\u00e1s sostenible sin renunciar al confort. El resultado es que gracias a la construcci\u00f3n de casas sostenibles de Papik casas pasivas, viven en una casa sostenible sin hipoteca energ\u00e9tica que adem\u00e1s durante el proceso de construcci\u00f3n ha ahorrado 23,90 Toneladas de CO\u2082 y ha absorbido 41,82.<\/p>\n\n<figure class=\"wp-block-image size-large\"><img decoding=\"async\" width=\"1024\" height=\"519\" src=\"https:\/\/www.papik.cat\/wp-content\/uploads\/2025\/10\/alzina-tones-co2-1024x519.jpg\" alt=\"\" class=\"wp-image-8145\" srcset=\"https:\/\/www.papik.cat\/wp-content\/uploads\/2025\/10\/alzina-tones-co2-1024x519.jpg 1024w, https:\/\/www.papik.cat\/wp-content\/uploads\/2025\/10\/alzina-tones-co2-300x152.jpg 300w, https:\/\/www.papik.cat\/wp-content\/uploads\/2025\/10\/alzina-tones-co2-768x389.jpg 768w, https:\/\/www.papik.cat\/wp-content\/uploads\/2025\/10\/alzina-tones-co2.jpg 1263w\" sizes=\"(max-width: 1024px) 100vw, 1024px\" \/><\/figure>\n\n<p>La forma c\u00fabica ayuda a minimizar las fugas t\u00e9rmicas y el dise\u00f1o en L aprovecha el espacio exterior para conectar cocina y comedor por el exterior y gracias a una p\u00e9rgola de toldos m\u00f3viles, permite disfrutar del exterior tanto en verano como en invierno. Esta conexi\u00f3n interior-exterior aporta un gran valor en un entorno lleno de naturaleza como este, en las faldas del <a href=\"https:\/\/ca.wikipedia.org\/wiki\/Montseny\" rel=\"nofollow noopener\" target=\"_blank\">Montseny<\/a><br\/>.<\/p>\n\n<p>El acabado exterior combina la fachada ventilada de madera de alerce en la planta inferior con un SATE blanco sin mantenimiento en la plata superior. En el interior, el acabado es el est\u00e1ndar de placas de yeso pintadas de blanco, pero en el comedor se ha dejado una pared en acabado de madera laminada que aporta el rescoldo y car\u00e1cter caracter\u00edstico de la madera a la sala de estar.<\/p>\n\n<figure class=\"wp-block-gallery has-nested-images columns-3 wp-block-gallery-1 is-layout-flex wp-block-gallery-is-layout-flex\">\n<figure class=\"wp-block-image size-large\"><img loading=\"lazy\" decoding=\"async\" width=\"1024\" height=\"473\" data-id=\"8141\" src=\"https:\/\/www.papik.cat\/wp-content\/uploads\/2025\/10\/20240913-122741-1024x473.jpg\" alt=\"\" class=\"wp-image-8141\" srcset=\"https:\/\/www.papik.cat\/wp-content\/uploads\/2025\/10\/20240913-122741-1024x473.jpg 1024w, https:\/\/www.papik.cat\/wp-content\/uploads\/2025\/10\/20240913-122741-300x139.jpg 300w, https:\/\/www.papik.cat\/wp-content\/uploads\/2025\/10\/20240913-122741-768x355.jpg 768w, https:\/\/www.papik.cat\/wp-content\/uploads\/2025\/10\/20240913-122741-1536x710.jpg 1536w, https:\/\/www.papik.cat\/wp-content\/uploads\/2025\/10\/20240913-122741-2048x946.jpg 2048w\" sizes=\"(max-width: 1024px) 100vw, 1024px\" \/><\/figure>\n\n\n\n<figure class=\"wp-block-image size-large\"><img loading=\"lazy\" decoding=\"async\" width=\"1024\" height=\"473\" data-id=\"8140\" src=\"https:\/\/www.papik.cat\/wp-content\/uploads\/2025\/10\/20240913-140743-1024x473.jpg\" alt=\"\" class=\"wp-image-8140\" srcset=\"https:\/\/www.papik.cat\/wp-content\/uploads\/2025\/10\/20240913-140743-1024x473.jpg 1024w, https:\/\/www.papik.cat\/wp-content\/uploads\/2025\/10\/20240913-140743-300x139.jpg 300w, https:\/\/www.papik.cat\/wp-content\/uploads\/2025\/10\/20240913-140743-768x355.jpg 768w, https:\/\/www.papik.cat\/wp-content\/uploads\/2025\/10\/20240913-140743-1536x710.jpg 1536w, https:\/\/www.papik.cat\/wp-content\/uploads\/2025\/10\/20240913-140743-2048x946.jpg 2048w\" sizes=\"(max-width: 1024px) 100vw, 1024px\" \/><\/figure>\n<\/figure>\n\n<p>Durante la fase final de construcci\u00f3n de esta casa sostenible, abrimos las puertas de K-Alzines a todas las personas interesadas en descubrir que es una casa Eskimohaus y c\u00f3mo se logra construir una casa capaz de garantizar un gran confort interior sin gasto energ\u00e9tico. Organizamos una clase magistral presencial donde pusimos toda nuestra experiencia y conocimiento para explicar con detalle todos los secretos a conocer a la hora de construirte una casa sostenible para conseguir un resultado excelente.<\/p>\n\n<figure class=\"wp-block-image size-large\"><img loading=\"lazy\" decoding=\"async\" width=\"1024\" height=\"951\" src=\"https:\/\/www.papik.cat\/wp-content\/uploads\/2025\/09\/mg-1189-1024x951.jpg\" alt=\"Casa de madera en Barcelona, proyecto sostenible y certificable Passivhaus.\" class=\"wp-image-8016\" srcset=\"https:\/\/www.papik.cat\/wp-content\/uploads\/2025\/09\/mg-1189-1024x951.jpg 1024w, https:\/\/www.papik.cat\/wp-content\/uploads\/2025\/09\/mg-1189-300x279.jpg 300w, https:\/\/www.papik.cat\/wp-content\/uploads\/2025\/09\/mg-1189-768x713.jpg 768w, https:\/\/www.papik.cat\/wp-content\/uploads\/2025\/09\/mg-1189-1536x1426.jpg 1536w, https:\/\/www.papik.cat\/wp-content\/uploads\/2025\/09\/mg-1189-2048x1902.jpg 2048w\" sizes=\"(max-width: 1024px) 100vw, 1024px\" \/><\/figure>\n\n<p>Si quieres descubrir m\u00e1s detalles t\u00e9cnicos o ver m\u00e1s im\u00e1genes consulta el proyecto <a href=\"https:\/\/www.papik.cat\/es\/proyectos\/k-alzina\/\" data-type=\"projecte\" data-id=\"8031\">K-Alzina<\/a> donde encontrar\u00e1s todos los detalles t\u00e9cnicos y fotograf\u00edas del proyecto.<\/p>\n\n<p><\/p>\n","protected":false},"excerpt":{"rendered":"<p>Os presentamos la casa sostenible que hemos construido en las faldas del Montseny<\/p>\n","protected":false},"author":3,"featured_media":8038,"comment_status":"closed","ping_status":"closed","sticky":false,"template":"","format":"standard","meta":{"_acf_changed":false,"footnotes":""},"categories":[354,51,445,451],"tags":[361,139,272,52,53,446,142],"class_list":["post-8151","post","type-post","status-publish","format-standard","has-post-thumbnail","hentry","category-casa-madera-es-2","category-casa-pasiva-es","category-casa-sostenible-es","category-portfolio-es-2","tag-casa-de-madera-es","tag-casa-ecologica-es","tag-casa-madera-es","tag-casa-pasiva-es","tag-casa-passiva-es","tag-casa-sostenible-es","tag-construccion-es"],"acf":[],"_links":{"self":[{"href":"https:\/\/www.papik.cat\/es\/wp-json\/wp\/v2\/posts\/8151","targetHints":{"allow":["GET"]}}],"collection":[{"href":"https:\/\/www.papik.cat\/es\/wp-json\/wp\/v2\/posts"}],"about":[{"href":"https:\/\/www.papik.cat\/es\/wp-json\/wp\/v2\/types\/post"}],"author":[{"embeddable":true,"href":"https:\/\/www.papik.cat\/es\/wp-json\/wp\/v2\/users\/3"}],"replies":[{"embeddable":true,"href":"https:\/\/www.papik.cat\/es\/wp-json\/wp\/v2\/comments?post=8151"}],"version-history":[{"count":1,"href":"https:\/\/www.papik.cat\/es\/wp-json\/wp\/v2\/posts\/8151\/revisions"}],"predecessor-version":[{"id":8152,"href":"https:\/\/www.papik.cat\/es\/wp-json\/wp\/v2\/posts\/8151\/revisions\/8152"}],"wp:featuredmedia":[{"embeddable":true,"href":"https:\/\/www.papik.cat\/es\/wp-json\/wp\/v2\/media\/8038"}],"wp:attachment":[{"href":"https:\/\/www.papik.cat\/es\/wp-json\/wp\/v2\/media?parent=8151"}],"wp:term":[{"taxonomy":"category","embeddable":true,"href":"https:\/\/www.papik.cat\/es\/wp-json\/wp\/v2\/categories?post=8151"},{"taxonomy":"post_tag","embeddable":true,"href":"https:\/\/www.papik.cat\/es\/wp-json\/wp\/v2\/tags?post=8151"}],"curies":[{"name":"wp","href":"https:\/\/api.w.org\/{rel}","templated":true}]}}